{"id":492535,"date":"2020-07-06T21:42:05","date_gmt":"2020-07-07T01:42:05","guid":{"rendered":"https:\/\/diarioelpopular.com\/?p=492535"},"modified":"2020-07-06T21:42:05","modified_gmt":"2020-07-07T01:42:05","slug":"chile-baja-por-primera-vez-positividad-de-20","status":"publish","type":"post","link":"https:\/\/diarioelpopular.com\/index.php\/2020\/07\/06\/chile-baja-por-primera-vez-positividad-de-20\/","title":{"rendered":"Chile baja por primera vez positividad de 20%"},"content":{"rendered":"<div id=\"attachment_492536\" style=\"width: 160px\" class=\"wp-caption alignnone\"><img loading=\"lazy\" decoding=\"async\" aria-describedby=\"caption-attachment-492536\" class=\"size-thumbnail wp-image-492536\" src=\"https:\/\/diarioelpopular.com\/wp-content\/uploads\/2020\/07\/433e73d76a5b0e540a4b9e25b69a0f2e-150x150.jpg\" alt=\"\" width=\"150\" height=\"150\" \/><p id=\"caption-attachment-492536\" class=\"wp-caption-text\"><em>Coronavirus en Chile.<\/em><\/p><\/div>\n<p>&nbsp;<\/p>\n<h4><em><strong>Pese a ello, ministro de Salud evita afirmar si ya pas\u00f3 peak<\/strong><\/em><\/h4>\n<p><em><strong>SANTIAGO DE CHILE, 6 JUL &#8211;<\/strong><\/em> Chile baj\u00f3 por primera vez la positividad del 20% en los ex\u00e1menes de PCR de Covid-19, pero la m\u00e1xima autoridad sanitaria evit\u00f3 afirmar si ya se pas\u00f3 el pico de la pandemia.<br \/>\nEn el balance diario se reportaron 76 decesos por coronavirus inscritos en el Registro Civil, con lo cual subi\u00f3 a 6.384 el total de v\u00edctimas fatales. Los nuevos contagios sumaron 3.025 elevando la cifra desde la pandemia a 298.557, de los cuales 264.371 se han recuperado mientras los activos llegan a 27.804. En tanto los pacientes internados en las Unidades de Cuidados Intensivos (UCI) son 2.069, de los cuales 1.747 est\u00e1n conectados a ventilaci\u00f3n mec\u00e1nica y 377 se encuentran en estado cr\u00edtico.<br \/>\n&#8220;Observamos una evoluci\u00f3n positiva&#8221;, coment\u00f3 el titular de la cartera de Salud, Enrique Paris, al apuntar que en la \u00faltima jornada el indicador lleg\u00f3 a 18,47%, la cifra m\u00e1s baja en las \u00faltimas siete semanas, desde el 18 de mayo, cuando fue de 13,01%. Adem\u00e1s, es la primera vez en el \u00faltimo mes -desde el 5 de junio- en que baja del 20%.<br \/>\n&#8220;Esto no significa que vamos a bajar los brazos&#8221;, y explic\u00f3 que uno de los indicadores de esta &#8220;evoluci\u00f3n positiva&#8221; en la pandemia es la ca\u00edda en la positividad de los testeos PCR a nivel nacional, ex\u00e1menes que en las \u00faltimas 24 horas fueron 16.377, totalizando a la fecha 1.198.261.<br \/>\n&#8220;En los \u00faltimos siete d\u00eda estaba en un 22% el promedio, sin embargo, hoy la cifra de positividad baj\u00f3 ya al 19%, afortunadamente, gracias al esfuerzo de la poblaci\u00f3n y los agentes sanitarios&#8221;, afirm\u00f3. Subray\u00f3 que &#8220;es la menor cifra en siete semanas&#8221; pero &#8220;tenemos que continuar con la estrategia de detectar, trazar y aislar, es la mejor forma de evitar la diseminaci\u00f3n del virus.<br \/>\nEsta cifra de hoy, de 19%, nos alienta a seguir en esa l\u00ednea&#8221;. Aclar\u00f3 enseguida que pese a la buena noticia &#8220;no vamos a tomar por el momento ninguna medida que var\u00ede las cuarentenas, esta decisi\u00f3n se toma en conjunto con el comit\u00e9 de expertos, liderada por el presidente Sebasti\u00e1n Pi\u00f1era&#8221;. Desech\u00f3 hablar de que el Gran Santiago ya pas\u00f3 el pico, como sostuvo el investigador y profesor del Departamento de Ciencias de la Computaci\u00f3n de la Universidad de Chile, Ricardo Baeza.<br \/>\n&#8220;Yo no he hablado jam\u00e1s de peak y no voy a hablar, ni tampoco de meseta, ni voy a hablar. Le agradezco al profesor Baeza que reconozca que hay una disminuci\u00f3n de casos en la Regi\u00f3n Metropolitana&#8221;, junto con destacar que &#8220;la variaci\u00f3n de casos confirmados es a nivel nacional&#8221;. En tanto, nuevamente se instal\u00f3 la pol\u00e9mica por el n\u00famero de muertos, que difiere de la entregada este fin de semana por el Departamento de Estad\u00edsticas del Minsal (DIES) de un total de 10.159, con 7.057 confirmadas. Paris llam\u00f3 a no confundir y no hablar de 10 mil muertes (10.159) al sumar los casos sospechosos. &#8220;No confundamos, no son 10 mil fallecidos. Seg\u00fan el informe del DEIS, son 7.057 y reconocemos la diferencia. La diferencia corresponde a fallecimientos probables&#8221;, recalc\u00f3.<\/p>\n<p>&nbsp;<\/p>\n","protected":false},"excerpt":{"rendered":"<p>&nbsp; Pese a ello, ministro de Salud evita afirmar si ya pas\u00f3 peak SANTIAGO DE CHILE, 6 JUL &#8211; Chile baj\u00f3 por primera vez la&hellip;<\/p>\n","protected":false},"author":99,"featured_media":0,"comment_status":"open","ping_status":"open","sticky":false,"template":"","format":"standard","meta":{"footnotes":""},"categories":[23],"tags":[],"class_list":["post-492535","post","type-post","status-publish","format-standard","hentry","category-latinoamerica"],"_links":{"self":[{"href":"https:\/\/diarioelpopular.com\/index.php\/wp-json\/wp\/v2\/posts\/492535","targetHints":{"allow":["GET"]}}],"collection":[{"href":"https:\/\/diarioelpopular.com\/index.php\/wp-json\/wp\/v2\/posts"}],"about":[{"href":"https:\/\/diarioelpopular.com\/index.php\/wp-json\/wp\/v2\/types\/post"}],"author":[{"embeddable":true,"href":"https:\/\/diarioelpopular.com\/index.php\/wp-json\/wp\/v2\/users\/99"}],"replies":[{"embeddable":true,"href":"https:\/\/diarioelpopular.com\/index.php\/wp-json\/wp\/v2\/comments?post=492535"}],"version-history":[{"count":1,"href":"https:\/\/diarioelpopular.com\/index.php\/wp-json\/wp\/v2\/posts\/492535\/revisions"}],"predecessor-version":[{"id":492537,"href":"https:\/\/diarioelpopular.com\/index.php\/wp-json\/wp\/v2\/posts\/492535\/revisions\/492537"}],"wp:attachment":[{"href":"https:\/\/diarioelpopular.com\/index.php\/wp-json\/wp\/v2\/media?parent=492535"}],"wp:term":[{"taxonomy":"category","embeddable":true,"href":"https:\/\/diarioelpopular.com\/index.php\/wp-json\/wp\/v2\/categories?post=492535"},{"taxonomy":"post_tag","embeddable":true,"href":"https:\/\/diarioelpopular.com\/index.php\/wp-json\/wp\/v2\/tags?post=492535"}],"curies":[{"name":"wp","href":"https:\/\/api.w.org\/{rel}","templated":true}]}}