{"id":492538,"date":"2020-07-06T21:44:04","date_gmt":"2020-07-07T01:44:04","guid":{"rendered":"https:\/\/diarioelpopular.com\/?p=492538"},"modified":"2020-07-06T21:44:04","modified_gmt":"2020-07-07T01:44:04","slug":"fiscalia-acusa-a-evo-morales-de-terrorismo","status":"publish","type":"post","link":"https:\/\/diarioelpopular.com\/index.php\/2020\/07\/06\/fiscalia-acusa-a-evo-morales-de-terrorismo\/","title":{"rendered":"Fiscal\u00eda acusa a Evo Morales de &#8220;terrorismo&#8221;"},"content":{"rendered":"<div id=\"attachment_492539\" style=\"width: 160px\" class=\"wp-caption alignnone\"><img loading=\"lazy\" decoding=\"async\" aria-describedby=\"caption-attachment-492539\" class=\"size-thumbnail wp-image-492539\" src=\"https:\/\/diarioelpopular.com\/wp-content\/uploads\/2020\/07\/3fa2a5656017348a1fc9ff2cee142077-150x150.jpg\" alt=\"\" width=\"150\" height=\"150\" \/><p id=\"caption-attachment-492539\" class=\"wp-caption-text\"><em>Evo Morales refugiado en Argentina.<\/em><\/p><\/div>\n<p>&nbsp;<\/p>\n<h4><em><strong>Reclama prisi\u00f3n preventiva para l\u00edder refugiado en Argentina<\/strong><\/em><\/h4>\n<p>&nbsp;<\/p>\n<p><em><strong>LA PAZ Y BUENOS AIRES, 6 JUL &#8211;<\/strong><\/em> El ex mandatario de Bolivia Evo Morales fue imputado hoy por la Fiscal\u00eda General de su pa\u00eds por los supuestos delitos de &#8220;terrorismo y su financiamiento&#8221;, al tiempo que reclam\u00f3 su prisi\u00f3n preventiva.<br \/>\nLa imputaci\u00f3n formal contra Morales (que gobern\u00f3 entre 2006-2019) es por &#8220;los delitos de terrorismo y financiamiento al terrorismo por presuntamente haber coordinado&#8221; con un dirigente cocalero, por tel\u00e9fono, &#8220;el bloqueo de alimentos y cerco a las ciudades capitales (cabeceras de regiones bolivianas) durante los conflictos de 2019&#8221;, tras su forzada salida del poder.<br \/>\nEn tanto, el l\u00edder del Movimiento al Socialismo (MAS), tras enterarse de la imputaci\u00f3n, respondi\u00f3 desde Buenos Aires a trav\u00e9s de un mensaje publicado en su cuenta de Twitter, en el que califica el hecho como &#8220;ilegal&#8221; e &#8220;inconstitucional&#8221;.<br \/>\nTambi\u00e9n responsabiliza al gobierno de la presidenta interina de Bolivia, Jeanine A\u00f1ez de perseguirlo.<br \/>\n&#8220;De manera ilegal e inconstitucional, la Fiscal\u00eda de La Paz pretende imputarme por terrorismo con un audio alterado y sin ser notificado, una prueba m\u00e1s de la sistem\u00e1tica persecuci\u00f3n pol\u00edtica del gobierno de facto. Pronto volver\u00e1 la democracia y el Estado de Derecho a Bolivia&#8221;, escribi\u00f3 Morales.<br \/>\nEs la segunda vez que la procuraci\u00f3n pide el arresto del l\u00edder ind\u00edgena, puesto que en diciembre hab\u00eda solicitado su detenci\u00f3n por sedici\u00f3n y terrorismo por los mismos hechos.<br \/>\nIncluso, entonces anunci\u00f3 que solicitar\u00eda su detenci\u00f3n a Interpol, pero el tr\u00e1mite no avanz\u00f3.<br \/>\nEn febrero, la Fiscal\u00eda de Bolivia abri\u00f3 otra causa contra el exmandatario por supuesto fraude electoral, pero hasta ahora tampoco hubo avances.<br \/>\n&#8220;En la resoluci\u00f3n de imputaci\u00f3n se solicita la detenci\u00f3n preventiva&#8221; de Evo Morales, que dimiti\u00f3 al cabo de 14 a\u00f1os tras intensas protestas en las calles por lo que la Organizaci\u00f3n de Estados Americanos (OEA) calific\u00f3 de &#8220;irregularidades&#8221; en las elecciones de octubre de 2019, en las que buscaba un nuevo per\u00edodo como presidente hasta 2025.<br \/>\nLos fiscales basan su acusaci\u00f3n actual en pericias realizadas en Colombia, seg\u00fan se inform\u00f3 en La Paz. &#8220;Las muestras tienen una alta probabilidad de identificaci\u00f3n de la voz del se\u00f1or Evo Morales Ayma&#8221;, seg\u00fan el comunicado de la fiscal\u00eda.<br \/>\n&#8220;Que no entre comida a las ciudades, vamos a bloquear, cerco de verdad&#8221;, dice la voz en la supuesta llamada del exmandatario al dirigente cocalero Faustino Yucra Yarmi.<br \/>\nAl presentar la grabaci\u00f3n en noviembre, el ministro de Gobierno (Interior), Arturo Murillo, calific\u00f3 de &#8220;crimen de lesa humanidad&#8221; ordenar que &#8220;no entre comida a las ciudades&#8221;.<br \/>\nEntre octubre y noviembre, Bolivia atraves\u00f3 una convulsi\u00f3n en la que murieron 36 personas tras los comicios, que fueron anulados. La revuelta en las calles, adem\u00e1s de las presiones militares llevaron a Morales a renunciar.<br \/>\nEl Tribunal Supremo Electoral llam\u00f3 a nuevas elecciones generales para el 3 de mayo, aplazadas al 6 de septiembre por la pandemia de Covid-19.<br \/>\nMorales no se postula, pero el candidato MAS, el economista Luis Arce, encabeza los sondeos con el 33,3% de la intenci\u00f3n de voto.<\/p>\n","protected":false},"excerpt":{"rendered":"<p>&nbsp; Reclama prisi\u00f3n preventiva para l\u00edder refugiado en Argentina &nbsp; LA PAZ Y BUENOS AIRES, 6 JUL &#8211; El ex mandatario de Bolivia Evo Morales&hellip;<\/p>\n","protected":false},"author":99,"featured_media":0,"comment_status":"open","ping_status":"open","sticky":false,"template":"","format":"standard","meta":{"footnotes":""},"categories":[23],"tags":[],"class_list":["post-492538","post","type-post","status-publish","format-standard","hentry","category-latinoamerica"],"_links":{"self":[{"href":"https:\/\/diarioelpopular.com\/index.php\/wp-json\/wp\/v2\/posts\/492538","targetHints":{"allow":["GET"]}}],"collection":[{"href":"https:\/\/diarioelpopular.com\/index.php\/wp-json\/wp\/v2\/posts"}],"about":[{"href":"https:\/\/diarioelpopular.com\/index.php\/wp-json\/wp\/v2\/types\/post"}],"author":[{"embeddable":true,"href":"https:\/\/diarioelpopular.com\/index.php\/wp-json\/wp\/v2\/users\/99"}],"replies":[{"embeddable":true,"href":"https:\/\/diarioelpopular.com\/index.php\/wp-json\/wp\/v2\/comments?post=492538"}],"version-history":[{"count":1,"href":"https:\/\/diarioelpopular.com\/index.php\/wp-json\/wp\/v2\/posts\/492538\/revisions"}],"predecessor-version":[{"id":492540,"href":"https:\/\/diarioelpopular.com\/index.php\/wp-json\/wp\/v2\/posts\/492538\/revisions\/492540"}],"wp:attachment":[{"href":"https:\/\/diarioelpopular.com\/index.php\/wp-json\/wp\/v2\/media?parent=492538"}],"wp:term":[{"taxonomy":"category","embeddable":true,"href":"https:\/\/diarioelpopular.com\/index.php\/wp-json\/wp\/v2\/categories?post=492538"},{"taxonomy":"post_tag","embeddable":true,"href":"https:\/\/diarioelpopular.com\/index.php\/wp-json\/wp\/v2\/tags?post=492538"}],"curies":[{"name":"wp","href":"https:\/\/api.w.org\/{rel}","templated":true}]}}