{"id":492584,"date":"2020-07-09T12:32:38","date_gmt":"2020-07-09T16:32:38","guid":{"rendered":"https:\/\/diarioelpopular.com\/?p=492584"},"modified":"2020-07-09T12:32:38","modified_gmt":"2020-07-09T16:32:38","slug":"suben-los-contagios-se-agrava-la-crisis","status":"publish","type":"post","link":"https:\/\/diarioelpopular.com\/index.php\/2020\/07\/09\/suben-los-contagios-se-agrava-la-crisis\/","title":{"rendered":"Suben los contagios, se agrava la crisis"},"content":{"rendered":"<div id=\"attachment_492586\" style=\"width: 486px\" class=\"wp-caption alignnone\"><img loading=\"lazy\" decoding=\"async\" aria-describedby=\"caption-attachment-492586\" class=\"size-custom-full-size wp-image-492586\" src=\"https:\/\/diarioelpopular.com\/wp-content\/uploads\/2020\/07\/099fd52752d773f369ab8f3a6583a25.jpg\" alt=\"\" width=\"476\" height=\"317\" \/><p id=\"caption-attachment-492586\" class=\"wp-caption-text\"><em>Suben los contagios, se agrava la crisis econ\u00f3mica en Venezuela (foto: AFP)<\/em><\/p><\/div>\n<h4><em><strong>Procesos productivos comprometidos de cara a futuro<\/strong><\/em><\/h4>\n<p>&nbsp;<\/p>\n<p><em><strong>CARACAS, 9 JUL &#8211;<\/strong><\/em> Tras cuatro meses de pandemia, en Venezuela aumentan los contagios de Covid- 19 mientras la crisis econ\u00f3mica se agrava pese al esquema de flexibilizaci\u00f3n del gobierno de Nicol\u00e1s Maduro que permite a algunos sectores econ\u00f3micos trabajar por 7 d\u00edas en diversas franjas horarias.<br \/>\nAsimismo, el drama por no poder comprar los alimentos b\u00e1sicos se acent\u00faa con una inflaci\u00f3n galopante que acumula en los primeros seis meses del a\u00f1o una tasa de 508,47%, que pulveriza el devaluado salario m\u00ednimo de los venezolanos equivalente a casi 2 d\u00f3lares al mes.<br \/>\nRicardo Cussano, presidente de Fedec\u00e1maras, la m\u00e1xima patronal, afirm\u00f3 que &#8220;si bien es cierto que el n\u00famero de infectados est\u00e1 creciendo, seg\u00fan cifras oficiales, no es menos cierto que los procesos productivos est\u00e1n complicados de cara al futuro&#8221;.<br \/>\n&#8220;Necesitamos redise\u00f1ar esos protocolos de distanciamiento social, la cuarentena y las oportunidades para que tengamos salud en t\u00e9rminos f\u00edsico, y salud en t\u00e9rminos econ\u00f3micos&#8221;, expres\u00f3.<br \/>\nIndic\u00f3 que, de acuerdo con el estudio m\u00e1s reciente del sector, durante junio pasado, 50% de las empresas se encontraban paralizadas en el pa\u00eds.<br \/>\n&#8220;El promedio de afectaci\u00f3n estaba por alrededor de los 200 mil d\u00f3lares y digo promedio porque hab\u00eda empresas peque\u00f1as y grandes, 50% estaban totalmente cerradas. Detr\u00e1s de cada uno de esos indicadores hay un drama social&#8221;, opin\u00f3.<br \/>\nEl Covid-19, ha dejado hasta ahora 7.693 infectados y 71 fallecidos seg\u00fan cifras oficiales, pero tan solo en que va de julio se han reportado 1.861 casos positivos, superando considerablemente en siete d\u00edas los contagios registrados en marzo (143); abril (190); mayo (1.177); y los siete primeros d\u00edas de junio (867).<br \/>\nPara Asdr\u00fabal Oliveros, economista, es indudable que el Covid-19 &#8220;profundizar\u00e1 la ca\u00edda de la econom\u00eda, el grado de vulnerabilidad de las empresas y aumentar\u00e1 el deterioro de los hogares&#8221;.<br \/>\n&#8220;Unas empresas que el tama\u00f1o del mercado se est\u00e1 reduciendo, que el colapso de los servicios p\u00fablicos les est\u00e1 implicando una adicci\u00f3n a sus costos en forma brutal, que no tiene acceso a financiamiento bancario, que no tiene ayuda del Estado, pone al tejido empresarial en una situaci\u00f3n de extrema vulnerabilidad, con una capacidad de resistencia mermada&#8221;, advirti\u00f3.<br \/>\nIndic\u00f3 que ser\u00e1 &#8220;un deterioro importante del sector privado, de m\u00e1s informalidad porque la informalidad da unos grados de libertad para actuar en un entorno hostil y cambiante&#8221;.<br \/>\n&#8220;Se va construir un tejido empresarial muy fr\u00e1gil, arcaico, y eso no es progreso, eso lo que va a generar es precariedad en el empleo&#8221;, advirti\u00f3.<br \/>\nAdem\u00e1s, destac\u00f3 que la econom\u00eda &#8220;est\u00e1 en un proceso de dolarizaci\u00f3n acelerado, ca\u00f3tico, deficiente, muy desigual que ampl\u00eda la brecha social&#8221;.<br \/>\n&#8220;Quien tiene d\u00f3lares tiene cierta capacidad de compra mientras que quien tiene bol\u00edvares no lo puede hacer&#8221;, apunt\u00f3.<br \/>\nEn este sentido dijo que el pa\u00eds se ha convertido en &#8220;una especie de ovni en la constelaci\u00f3n&#8221; de Am\u00e9rica Latina, con un &#8220;entorno macro deteriorado, pobreza en aumento, y destrucci\u00f3n en la institucionalidad y en el proceso de democratizaci\u00f3n&#8221;.<br \/>\n&#8220;El nivel de destrucci\u00f3n al que ha llegado Venezuela, es tan grande que va implicar un proceso de transformaci\u00f3n que llevar\u00e1 mucho tiempo&#8221;, puntualiz\u00f3.<br \/>\nVenezuela sufre una profunda crisis econ\u00f3mica agravada por la pandemia, en medio de una proceso hiperinflacionario y colapso en los servicios p\u00fablicos.<\/p>\n","protected":false},"excerpt":{"rendered":"<p>Procesos productivos comprometidos de cara a futuro &nbsp; CARACAS, 9 JUL &#8211; Tras cuatro meses de pandemia, en Venezuela aumentan los contagios de Covid- 19&hellip;<\/p>\n","protected":false},"author":99,"featured_media":0,"comment_status":"open","ping_status":"open","sticky":false,"template":"","format":"standard","meta":{"footnotes":""},"categories":[23],"tags":[],"class_list":["post-492584","post","type-post","status-publish","format-standard","hentry","category-latinoamerica"],"_links":{"self":[{"href":"https:\/\/diarioelpopular.com\/index.php\/wp-json\/wp\/v2\/posts\/492584","targetHints":{"allow":["GET"]}}],"collection":[{"href":"https:\/\/diarioelpopular.com\/index.php\/wp-json\/wp\/v2\/posts"}],"about":[{"href":"https:\/\/diarioelpopular.com\/index.php\/wp-json\/wp\/v2\/types\/post"}],"author":[{"embeddable":true,"href":"https:\/\/diarioelpopular.com\/index.php\/wp-json\/wp\/v2\/users\/99"}],"replies":[{"embeddable":true,"href":"https:\/\/diarioelpopular.com\/index.php\/wp-json\/wp\/v2\/comments?post=492584"}],"version-history":[{"count":1,"href":"https:\/\/diarioelpopular.com\/index.php\/wp-json\/wp\/v2\/posts\/492584\/revisions"}],"predecessor-version":[{"id":492587,"href":"https:\/\/diarioelpopular.com\/index.php\/wp-json\/wp\/v2\/posts\/492584\/revisions\/492587"}],"wp:attachment":[{"href":"https:\/\/diarioelpopular.com\/index.php\/wp-json\/wp\/v2\/media?parent=492584"}],"wp:term":[{"taxonomy":"category","embeddable":true,"href":"https:\/\/diarioelpopular.com\/index.php\/wp-json\/wp\/v2\/categories?post=492584"},{"taxonomy":"post_tag","embeddable":true,"href":"https:\/\/diarioelpopular.com\/index.php\/wp-json\/wp\/v2\/tags?post=492584"}],"curies":[{"name":"wp","href":"https:\/\/api.w.org\/{rel}","templated":true}]}}