{"id":492588,"date":"2020-07-09T12:34:45","date_gmt":"2020-07-09T16:34:45","guid":{"rendered":"https:\/\/diarioelpopular.com\/?p=492588"},"modified":"2020-07-09T12:34:45","modified_gmt":"2020-07-09T16:34:45","slug":"contagios-de-ninos-al-alza-en-mexico","status":"publish","type":"post","link":"https:\/\/diarioelpopular.com\/index.php\/2020\/07\/09\/contagios-de-ninos-al-alza-en-mexico\/","title":{"rendered":"Contagios de ni\u00f1os al alza en M\u00e9xico"},"content":{"rendered":"<div id=\"attachment_492589\" style=\"width: 310px\" class=\"wp-caption alignnone\"><img loading=\"lazy\" decoding=\"async\" aria-describedby=\"caption-attachment-492589\" class=\"size-medium wp-image-492589\" src=\"https:\/\/diarioelpopular.com\/wp-content\/uploads\/2020\/07\/e5fbc21629deb51186dc1299783a55d9-300x200.jpg\" alt=\"\" width=\"300\" height=\"200\" \/><p id=\"caption-attachment-492589\" class=\"wp-caption-text\"><em>Un ni\u00f1o contagiado de coronavirus en M\u00e9xico (foto: ANSA)<\/em><\/p><\/div>\n<h4><em><strong>Preocupa aumento del 70% en un mes de infecciones en beb\u00e9s<\/strong><\/em><\/h4>\n<p>&nbsp;<\/p>\n<p><em><strong>CIUDAD DE MEXICO, 9 JUL &#8211;<\/strong><\/em> M\u00e9xico se abre paso poco a poco en el ranking mundial de los pa\u00edses con m\u00e1s ni\u00f1os fallecidos por Covid, especialmente beb\u00e9s de menos de 2 a\u00f1os, de acuerdo con estad\u00edsticas oficiales difundidas por el ministerio de Salud.<br \/>\nLas defunciones en menores de edad a causa del Covid-19 aumentaron un 70% en el \u00faltimo mes a nivel nacional, pero lo m\u00e1s preocupante es que m\u00e1s de la mitad son beb\u00e9s de menos de dos a\u00f1os.<br \/>\nAunque las cifras absolutas son bajas, al pasar de 64 a 109 fallecimientos, entre la primera semana de junio y la primera de julio, lo m\u00e1s alarmante para los especialistas es la tendencia alcista.<br \/>\nActualmente el pa\u00eds registra 6.332 contagios de menores de edad (frente a un total de 268.000), pero la cifra se increment\u00f3 en un 97% en un mes.<br \/>\nDe acuerdo con estad\u00edsticas recopiladas por la Direcci\u00f3n General de Epidemiolog\u00eda, hasta el 6 de julio se tiene el registro de 109 decesos de menores de 18 a\u00f1os debido a las complicaciones de la enfermedad por coronavirus.<br \/>\nSe trata de 52 ni\u00f1as y 57 ni\u00f1os, de los cuales 42 fueron intubados y 34 fueron enviados a una Unidad de Cuidados Intensivos (UCI).<br \/>\nEl 51% de los decesos acumulados son de ni\u00f1os menores de dos a\u00f1os: 28 de 0 a 11 meses y 25 de un a\u00f1o.<br \/>\nEn el grupo de edad de 2 a 5 a\u00f1os hay 14 casos fatales, 16 fallecimientos en el rango de entre 6 y 11 a\u00f1os, as\u00ed como 26 casos de 12 a 17 a\u00f1os.<br \/>\nEl estado que m\u00e1s muertes de ni\u00f1os registra es la Ciudad de M\u00e9xico con 18 casos, el vecino Estado de M\u00e9xico con 13, as\u00ed como Baja California y Oaxaca (9). Sin embargo, donde el aumento ha sido exponencial es Puebla (a unos 150 kil\u00f3metros de la Ciudad de M\u00e9xico), que registr\u00f3 un incremento de 247% en los casos positivos.<br \/>\nEl Sistema Nacional de Protecci\u00f3n de Ni\u00f1as, Ni\u00f1os y Adolescentes (Sipinna) se\u00f1al\u00f3 que el mayor porcentaje de contagios por coronavirus se observa en la franja de edad entre los 12 y los 17 a\u00f1os, con 2.912 casos. Despu\u00e9s est\u00e1 el grupo de edad de entre 0 y 5 a\u00f1os (1.741 casos y, por \u00faltimo, los situados entre los 6 y los 11 (1.559 contagios). En su mayor\u00eda, los ni\u00f1os fallecidos ten\u00edan alg\u00fan padecimiento previo, seg\u00fan el doctor Emmanuel Sarmiento, especialista en psiquiatr\u00eda infantil.<br \/>\n&#8220;Hay una lista de factores de riesgo que no difiere de los adultos: obesidad, ni\u00f1os inmunodeprimidos, c\u00e1ncer, enfermedades card\u00edacas, etc\u00e9tera. Los factores de riesgo no difieren de los adultos&#8221;, explic\u00f3. Los estudios internacionales se\u00f1alan que los menores de edad son el 2% del total de contagios, de los cuales un 5% podr\u00eda necesitar atenci\u00f3n hospitalaria. &#8220;Es muy dif\u00edcil: cualquier muerte es terrible, pero cuando hablamos de una poblaci\u00f3n que no esperamos que se muera es m\u00e1s&#8221;, indic\u00f3.<br \/>\nPor ejemplo, se\u00f1ala que representa un fuerte golpe &#8220;para enfermeras o doctores no poder permitir que los familiares lleguen a ver al ni\u00f1o&#8221;.<br \/>\nLa organizaci\u00f3n internacional Save The Children se\u00f1al\u00f3 que &#8220;aunque este grupo de edad no ha sido catalogado de alto riesgo, tambi\u00e9n los ni\u00f1os est\u00e1 expuestos a contagiarse, enfermar, y en algunos casos incluso no lograr sobrevivir&#8221;.<br \/>\nPor ello, lanz\u00f3 un llamado a la sociedad, a recordar que el virus &#8220;a\u00fan no est\u00e1 controlado, que las ni\u00f1as, ni\u00f1os y adolescentes tambi\u00e9n corren riesgos&#8221;.<br \/>\nPor lo tanto, expuso que &#8220;es necesario continuar todas las medidas de prevenci\u00f3n recomendadas para evitar m\u00e1s contagios&#8221;.<br \/>\nLa ONG estim\u00f3 preocupante el fen\u00f3meno de &#8220;las millones de ni\u00f1as, ni\u00f1os y adolescentes en territorio mexicano, que por condiciones preexistentes de vulnerabilidad y exclusi\u00f3n social, est\u00e1n a\u00fan m\u00e1s expuestos al contagio y la enfermedad&#8221;.<br \/>\nAdem\u00e1s, propuso al gobierno que incorpore &#8220;el principio del inter\u00e9s superior de la ni\u00f1ez&#8221; a los planes de desescalada y a todas &#8220;las decisiones de pol\u00edtica p\u00fablica para responder a la crisis sanitaria y socioecon\u00f3mica&#8221;.<\/p>\n","protected":false},"excerpt":{"rendered":"<p>Preocupa aumento del 70% en un mes de infecciones en beb\u00e9s &nbsp; CIUDAD DE MEXICO, 9 JUL &#8211; M\u00e9xico se abre paso poco a poco&hellip;<\/p>\n","protected":false},"author":99,"featured_media":0,"comment_status":"open","ping_status":"open","sticky":false,"template":"","format":"standard","meta":{"footnotes":""},"categories":[23],"tags":[],"class_list":["post-492588","post","type-post","status-publish","format-standard","hentry","category-latinoamerica"],"_links":{"self":[{"href":"https:\/\/diarioelpopular.com\/index.php\/wp-json\/wp\/v2\/posts\/492588","targetHints":{"allow":["GET"]}}],"collection":[{"href":"https:\/\/diarioelpopular.com\/index.php\/wp-json\/wp\/v2\/posts"}],"about":[{"href":"https:\/\/diarioelpopular.com\/index.php\/wp-json\/wp\/v2\/types\/post"}],"author":[{"embeddable":true,"href":"https:\/\/diarioelpopular.com\/index.php\/wp-json\/wp\/v2\/users\/99"}],"replies":[{"embeddable":true,"href":"https:\/\/diarioelpopular.com\/index.php\/wp-json\/wp\/v2\/comments?post=492588"}],"version-history":[{"count":1,"href":"https:\/\/diarioelpopular.com\/index.php\/wp-json\/wp\/v2\/posts\/492588\/revisions"}],"predecessor-version":[{"id":492590,"href":"https:\/\/diarioelpopular.com\/index.php\/wp-json\/wp\/v2\/posts\/492588\/revisions\/492590"}],"wp:attachment":[{"href":"https:\/\/diarioelpopular.com\/index.php\/wp-json\/wp\/v2\/media?parent=492588"}],"wp:term":[{"taxonomy":"category","embeddable":true,"href":"https:\/\/diarioelpopular.com\/index.php\/wp-json\/wp\/v2\/categories?post=492588"},{"taxonomy":"post_tag","embeddable":true,"href":"https:\/\/diarioelpopular.com\/index.php\/wp-json\/wp\/v2\/tags?post=492588"}],"curies":[{"name":"wp","href":"https:\/\/api.w.org\/{rel}","templated":true}]}}