{"id":492592,"date":"2020-07-09T21:56:03","date_gmt":"2020-07-10T01:56:03","guid":{"rendered":"https:\/\/diarioelpopular.com\/?p=492592"},"modified":"2020-07-09T21:56:03","modified_gmt":"2020-07-10T01:56:03","slug":"presidenta-interina-de-bolivia-da-positivo","status":"publish","type":"post","link":"https:\/\/diarioelpopular.com\/index.php\/2020\/07\/09\/presidenta-interina-de-bolivia-da-positivo\/","title":{"rendered":"Presidenta interina de Bolivia da positivo"},"content":{"rendered":"<div id=\"attachment_492593\" style=\"width: 486px\" class=\"wp-caption alignnone\"><img loading=\"lazy\" decoding=\"async\" aria-describedby=\"caption-attachment-492593\" class=\"size-custom-full-size wp-image-492593\" src=\"https:\/\/diarioelpopular.com\/wp-content\/uploads\/2020\/07\/54e51b435c674122caeeff435bffd9ba.jpg\" alt=\"\" width=\"476\" height=\"317\" \/><p id=\"caption-attachment-492593\" class=\"wp-caption-text\"><em>Jeanine A\u00f1ez, presidenta de Bolivia (foto: ANSA)<\/em><\/p><\/div>\n<p><em><strong>LA PAZ, 9 JUL<\/strong> <\/em>&#8211; La presidenta interina de Bolivia, Jeanine A\u00f1ez, inform\u00f3 hoy que se contagi\u00f3 de coronavirus aunque aclar\u00f3 que se siente bien y seguir\u00e1 trabajando aislada, seg\u00fan un video difundo en sus redes sociales.<br \/>\n&#8220;He dado positivo a Covid19, estoy bien, trabajar\u00e9 desde mi aislamiento. Juntos, vamos a salir adelante&#8221;, afirm\u00f3 la mandataria.<\/p>\n<p>Junto con todo mi equipo hemos estado trabajando por las familias bolivianas todo este tiempo y, dado que esta semana muchos de ellos dieron positivo al coronavirus, me hice la prueba y tambi\u00e9n he dado positiva&#8221;, cont\u00f3 la mandataria desde lo que parece ser su residencia.<\/p>\n<p>&#8220;Voy a estar en cuarentena durante unos 14 d\u00edas hasta que me haga una nueva prueba para ver c\u00f3mo estoy. Me siento bien, me siento fuerte y voy a seguir trabajando de manera virtual desde mi aislamiento&#8221;, agreg\u00f3.<\/p>\n<p>Bolivia volvi\u00f3 hoy a registrar un r\u00e9cord diario de contagios por coronavirus que hizo subir esa cifra a casi 43.000 mientras la creciente saturaci\u00f3n de centros de salud ante el aumento de casos preocupa a las autoridades. El \u00faltimo reporte del ministerio de Salud indica que ya son 42.984 los casos confirmados, tras nuevas 1.439 infecciones informadas hoy, en tanto los fallelcimientos llegan a 1.577 en la naci\u00f3n andina de cerca de once millones de habitantes.<\/p>\n","protected":false},"excerpt":{"rendered":"<p>LA PAZ, 9 JUL &#8211; La presidenta interina de Bolivia, Jeanine A\u00f1ez, inform\u00f3 hoy que se contagi\u00f3 de coronavirus aunque aclar\u00f3 que se siente bien&hellip;<\/p>\n","protected":false},"author":99,"featured_media":0,"comment_status":"open","ping_status":"open","sticky":false,"template":"","format":"standard","meta":{"footnotes":""},"categories":[23],"tags":[],"class_list":["post-492592","post","type-post","status-publish","format-standard","hentry","category-latinoamerica"],"_links":{"self":[{"href":"https:\/\/diarioelpopular.com\/index.php\/wp-json\/wp\/v2\/posts\/492592","targetHints":{"allow":["GET"]}}],"collection":[{"href":"https:\/\/diarioelpopular.com\/index.php\/wp-json\/wp\/v2\/posts"}],"about":[{"href":"https:\/\/diarioelpopular.com\/index.php\/wp-json\/wp\/v2\/types\/post"}],"author":[{"embeddable":true,"href":"https:\/\/diarioelpopular.com\/index.php\/wp-json\/wp\/v2\/users\/99"}],"replies":[{"embeddable":true,"href":"https:\/\/diarioelpopular.com\/index.php\/wp-json\/wp\/v2\/comments?post=492592"}],"version-history":[{"count":1,"href":"https:\/\/diarioelpopular.com\/index.php\/wp-json\/wp\/v2\/posts\/492592\/revisions"}],"predecessor-version":[{"id":492594,"href":"https:\/\/diarioelpopular.com\/index.php\/wp-json\/wp\/v2\/posts\/492592\/revisions\/492594"}],"wp:attachment":[{"href":"https:\/\/diarioelpopular.com\/index.php\/wp-json\/wp\/v2\/media?parent=492592"}],"wp:term":[{"taxonomy":"category","embeddable":true,"href":"https:\/\/diarioelpopular.com\/index.php\/wp-json\/wp\/v2\/categories?post=492592"},{"taxonomy":"post_tag","embeddable":true,"href":"https:\/\/diarioelpopular.com\/index.php\/wp-json\/wp\/v2\/tags?post=492592"}],"curies":[{"name":"wp","href":"https:\/\/api.w.org\/{rel}","templated":true}]}}