{"id":492616,"date":"2020-07-10T13:03:49","date_gmt":"2020-07-10T17:03:49","guid":{"rendered":"https:\/\/diarioelpopular.com\/?p=492616"},"modified":"2020-07-10T13:03:49","modified_gmt":"2020-07-10T17:03:49","slug":"terapia-intensiva-ciudades-brasil-cerca-colapso","status":"publish","type":"post","link":"https:\/\/diarioelpopular.com\/index.php\/2020\/07\/10\/terapia-intensiva-ciudades-brasil-cerca-colapso\/","title":{"rendered":"Terapia intensiva ciudades Brasil cerca colapso"},"content":{"rendered":"<div id=\"attachment_492617\" style=\"width: 310px\" class=\"wp-caption alignnone\"><img loading=\"lazy\" decoding=\"async\" aria-describedby=\"caption-attachment-492617\" class=\"size-medium wp-image-492617\" src=\"https:\/\/diarioelpopular.com\/wp-content\/uploads\/2020\/07\/b0569d4e91e9cf0a37b8a298504de2ca-300x202.jpg\" alt=\"\" width=\"300\" height=\"202\" \/><p id=\"caption-attachment-492617\" class=\"wp-caption-text\"><em>Coronavirus en Brasil.<\/em><\/p><\/div>\n<p><em><strong>SAN PABLO, 10 JUL<\/strong><\/em> &#8211; Las unidades de terapia intensiva de cinco capitales brasile\u00f1as est\u00e1n cerca del colapso, despu\u00e9s de que el pa\u00eds registr\u00f3 m\u00e1s de 40.000 casos de Covid-19 en 24 horas por tercer d\u00eda consecutivo, report\u00f3 hoy el Correio Braziliense.<br \/>\nSe trata de las terapias de Cuiab\u00e1, Natal, Florian\u00f3polis, Curitiba y Belo Horizonte, cuya ocupaci\u00f3n supera el 90%. Seg\u00fan las estimaciones, agrega el diario, Brasil superar\u00e1 hoy los 70.000 muertos por coronavirus. En el centro-sur del pa\u00eds, la situaci\u00f3n es cr\u00edtica en Curitiba y Florian\u00f3polis. &#8220;Incluso con el esfuerzo constante del gobierno, la prevenci\u00f3n es y seguir\u00e1 siendo la mejor forma de combatir el virus&#8221;, dijo el gobernador de Santa Catarina, Carlos Mois\u00e9s.<\/p>\n","protected":false},"excerpt":{"rendered":"<p>SAN PABLO, 10 JUL &#8211; Las unidades de terapia intensiva de cinco capitales brasile\u00f1as est\u00e1n cerca del colapso, despu\u00e9s de que el pa\u00eds registr\u00f3 m\u00e1s&hellip;<\/p>\n","protected":false},"author":99,"featured_media":0,"comment_status":"open","ping_status":"open","sticky":false,"template":"","format":"standard","meta":{"footnotes":""},"categories":[23],"tags":[],"class_list":["post-492616","post","type-post","status-publish","format-standard","hentry","category-latinoamerica"],"_links":{"self":[{"href":"https:\/\/diarioelpopular.com\/index.php\/wp-json\/wp\/v2\/posts\/492616","targetHints":{"allow":["GET"]}}],"collection":[{"href":"https:\/\/diarioelpopular.com\/index.php\/wp-json\/wp\/v2\/posts"}],"about":[{"href":"https:\/\/diarioelpopular.com\/index.php\/wp-json\/wp\/v2\/types\/post"}],"author":[{"embeddable":true,"href":"https:\/\/diarioelpopular.com\/index.php\/wp-json\/wp\/v2\/users\/99"}],"replies":[{"embeddable":true,"href":"https:\/\/diarioelpopular.com\/index.php\/wp-json\/wp\/v2\/comments?post=492616"}],"version-history":[{"count":1,"href":"https:\/\/diarioelpopular.com\/index.php\/wp-json\/wp\/v2\/posts\/492616\/revisions"}],"predecessor-version":[{"id":492618,"href":"https:\/\/diarioelpopular.com\/index.php\/wp-json\/wp\/v2\/posts\/492616\/revisions\/492618"}],"wp:attachment":[{"href":"https:\/\/diarioelpopular.com\/index.php\/wp-json\/wp\/v2\/media?parent=492616"}],"wp:term":[{"taxonomy":"category","embeddable":true,"href":"https:\/\/diarioelpopular.com\/index.php\/wp-json\/wp\/v2\/categories?post=492616"},{"taxonomy":"post_tag","embeddable":true,"href":"https:\/\/diarioelpopular.com\/index.php\/wp-json\/wp\/v2\/tags?post=492616"}],"curies":[{"name":"wp","href":"https:\/\/api.w.org\/{rel}","templated":true}]}}