{"id":492623,"date":"2020-07-10T13:08:51","date_gmt":"2020-07-10T17:08:51","guid":{"rendered":"https:\/\/diarioelpopular.com\/?p=492623"},"modified":"2020-07-10T13:08:51","modified_gmt":"2020-07-10T17:08:51","slug":"recuperacion-lenta-y-complicada-en-mexico","status":"publish","type":"post","link":"https:\/\/diarioelpopular.com\/index.php\/2020\/07\/10\/recuperacion-lenta-y-complicada-en-mexico\/","title":{"rendered":"Recuperaci\u00f3n lenta y complicada en M\u00e9xico"},"content":{"rendered":"<div id=\"attachment_492624\" style=\"width: 310px\" class=\"wp-caption alignnone\"><img loading=\"lazy\" decoding=\"async\" aria-describedby=\"caption-attachment-492624\" class=\"size-medium wp-image-492624\" src=\"https:\/\/diarioelpopular.com\/wp-content\/uploads\/2020\/07\/10e658b017024a04d28f1a377f618f47-300x200.jpg\" alt=\"\" width=\"300\" height=\"200\" \/><p id=\"caption-attachment-492624\" class=\"wp-caption-text\"><em>Coronavirus en M\u00e9xico.<\/em><\/p><\/div>\n<h4><em><strong>Resurgimiento tras Covid en forma de &#8220;W&#8221;, seg\u00fan Banco Central<\/strong><\/em><\/h4>\n<p>&nbsp;<\/p>\n<p><em><strong>CIUDAD DE M\u00c9XICO, 10 JUL &#8211;<\/strong><\/em> El panorama futuro para la econom\u00eda mexicana pas\u00f3 del gris al negro, sobre todo ante el riesgo de una segunda oleada de Covid-19, con una recuperaci\u00f3n &#8220;lenta y complicada&#8221;, que tendr\u00e1 forma de &#8220;U&#8221;, e incluso de &#8220;W&#8221;.<br \/>\nEl dram\u00e1tico horizonte en el futuro inmediato fue trazado sin medias tintas durante la m\u00e1s reciente reuni\u00f3n de la Junta de Gobierno, el \u00f3rgano directivo del Banco de M\u00e9xico (central).<br \/>\n&#8220;Hay un severo deterioro de la actividad econ\u00f3mica con proyecciones para 2020 de una contracci\u00f3n de hasta dos d\u00edgitos con perspectivas deterioradas&#8221;, se\u00f1al\u00f3 el reporte en t\u00e9rminos lapidarios.<br \/>\n&#8220;El balance de riesgos para la inflaci\u00f3n se mantiene incierto, y persiste la preocupaci\u00f3n por la situaci\u00f3n de Petr\u00f3leos Mexicanos (Pemex)&#8221;, la mastod\u00f3ntica empresa energ\u00e9tica gubernamental, indic\u00f3 el informe.<br \/>\nLa reuni\u00f3n, efectuada en forma virtual, cont\u00f3 con la participaci\u00f3n del gobernador Alejandro D\u00edaz y los cuatro vicegobernadores as\u00ed como de Arturo Herrera y Gabriel Yorio, ministro y viceministro de Finanzas, respectivamente quienes tienen voz pero no voto.<br \/>\nIntegrantes del \u00f3rgano de autoridad se refirieron a &#8220;la falta de un enfoque de pol\u00edtica balanceado, particularmente en el frente fiscal, para impulsar la recuperaci\u00f3n&#8221; y alertaron sobre el riesgo de &#8220;problemas financieros y de solvencia&#8221;.<br \/>\nTambi\u00e9n advirtieron sobre el peligro de que las medidas sanitarias para la contenci\u00f3n de la epidemia &#8220;no sean suficientes&#8221; por la elevada tasa de contagio.<br \/>\nLa autoridad monetaria hizo notar que durante el primer trimestre del a\u00f1o, se registr\u00f3 una &#8220;importante contracci\u00f3n&#8221; que se exacerb\u00f3 en abril.<br \/>\nEn coincidencia con la divulgaci\u00f3n de la s\u00edntesis de esta reuni\u00f3n se dio a conocer el resultado de la m\u00e1s reciente encuesta de los analistas consultados por Banxico sobre diversos temas econ\u00f3micos, los cuales coincidieron en que &#8220;no es buen momento para invertir en M\u00e9xico&#8221;.<br \/>\nAl cierre del primer trimestre el consumo y la inversi\u00f3n se contrajeron 1,2 y 9,5%, respectivamente y en mayo el gasto en tarjetas de cr\u00e9dito registr\u00f3 una ca\u00edda anual de 34%.<br \/>\nCitando informaci\u00f3n del Instituto Nacional de Estad\u00edstica (INEGI), los expertos indicaron que la p\u00e9rdida de empleos lleg\u00f3 a 12,5 millones en abril, de los cuales m\u00e1s de 10 millones trabajan en la denominada &#8220;econom\u00eda subterr\u00e1nea&#8221;.<br \/>\nLos retiros por desempleo de las cuentas individuales de las Administradoras de Fondos para el Retiro (Afores) alcanzaron su m\u00e1ximo hist\u00f3rico, indicaron.<br \/>\nOtro de los temas que suscit\u00f3 inquietud entre los responsables del m\u00e1ximo \u00f3rgano de la autoridad monetaria fue el tema del aumento de los precios de los alimentos por posibles problemas de suministro y por una reasignaci\u00f3n en el gasto de los hogares ante la emergencia sanitaria&#8221;.<br \/>\nAsimismo, se prev\u00e9 la posibilidad de que surjan presiones a la baja en la inflaci\u00f3n, &#8220;derivadas de un efecto mayor al previsto de la contracci\u00f3n econ\u00f3mica y de la menor presi\u00f3n inflacionaria mundial&#8221;.<br \/>\nLa depreciaci\u00f3n cambiaria as\u00ed como problemas log\u00edsticos y de suministro de bienes y servicios, podr\u00edan traducirse en un aumento de la inflaci\u00f3n.<br \/>\nLa econom\u00eda de M\u00e9xico podr\u00eda desplomarse hasta 11% en este a\u00f1o, de acuerdo con organismos financieros internacionales, pero el presidente Andr\u00e9s L\u00f3pez Obrador asegura que la recuperaci\u00f3n ser\u00e1 r\u00e1pida.<br \/>\n&#8220;Ser\u00e1 como una &#8216;V&#8217;, es decir, una s\u00fabita ca\u00edda y despu\u00e9s un ascenso r\u00e1pido&#8221;, afirm\u00f3 el pasado d\u00eda 28 de junio.<br \/>\nEl mandatario indic\u00f3, citando datos preliminares, que en junio se perdieron s\u00f3lo 70.000 empleos y auspici\u00f3 que en julio ya no habr\u00e1 m\u00e1s puestos de trabajo suprimidos.<br \/>\n&#8220;Deseo con toda mi alma (\u2026) que ya en julio no perdamos empleos. Quiz\u00e1 no crezca el n\u00famero de puestos de trabajo en la econom\u00eda formal, pero al menos se van a mantener los empleos (existentes)&#8221;, expuso.<br \/>\nEl jefe de Estado apost\u00f3 a favor del Tratado entre M\u00e9xico, Estados Unidos y Canad\u00e1 (T-MEC), que entr\u00f3 en vigencia el pasado 1 de julio, para poder aumentar la inversi\u00f3n y los empleos en M\u00e9xico.<\/p>\n","protected":false},"excerpt":{"rendered":"<p>Resurgimiento tras Covid en forma de &#8220;W&#8221;, seg\u00fan Banco Central &nbsp; CIUDAD DE M\u00c9XICO, 10 JUL &#8211; El panorama futuro para la econom\u00eda mexicana pas\u00f3&hellip;<\/p>\n","protected":false},"author":99,"featured_media":0,"comment_status":"open","ping_status":"open","sticky":false,"template":"","format":"standard","meta":{"footnotes":""},"categories":[23],"tags":[],"class_list":["post-492623","post","type-post","status-publish","format-standard","hentry","category-latinoamerica"],"_links":{"self":[{"href":"https:\/\/diarioelpopular.com\/index.php\/wp-json\/wp\/v2\/posts\/492623","targetHints":{"allow":["GET"]}}],"collection":[{"href":"https:\/\/diarioelpopular.com\/index.php\/wp-json\/wp\/v2\/posts"}],"about":[{"href":"https:\/\/diarioelpopular.com\/index.php\/wp-json\/wp\/v2\/types\/post"}],"author":[{"embeddable":true,"href":"https:\/\/diarioelpopular.com\/index.php\/wp-json\/wp\/v2\/users\/99"}],"replies":[{"embeddable":true,"href":"https:\/\/diarioelpopular.com\/index.php\/wp-json\/wp\/v2\/comments?post=492623"}],"version-history":[{"count":1,"href":"https:\/\/diarioelpopular.com\/index.php\/wp-json\/wp\/v2\/posts\/492623\/revisions"}],"predecessor-version":[{"id":492625,"href":"https:\/\/diarioelpopular.com\/index.php\/wp-json\/wp\/v2\/posts\/492623\/revisions\/492625"}],"wp:attachment":[{"href":"https:\/\/diarioelpopular.com\/index.php\/wp-json\/wp\/v2\/media?parent=492623"}],"wp:term":[{"taxonomy":"category","embeddable":true,"href":"https:\/\/diarioelpopular.com\/index.php\/wp-json\/wp\/v2\/categories?post=492623"},{"taxonomy":"post_tag","embeddable":true,"href":"https:\/\/diarioelpopular.com\/index.php\/wp-json\/wp\/v2\/tags?post=492623"}],"curies":[{"name":"wp","href":"https:\/\/api.w.org\/{rel}","templated":true}]}}