{"id":492626,"date":"2020-07-10T13:10:51","date_gmt":"2020-07-10T17:10:51","guid":{"rendered":"https:\/\/diarioelpopular.com\/?p=492626"},"modified":"2020-07-10T13:10:51","modified_gmt":"2020-07-10T17:10:51","slug":"alza-de-femicidios-durante-la-pandemia-en-peru","status":"publish","type":"post","link":"https:\/\/diarioelpopular.com\/index.php\/2020\/07\/10\/alza-de-femicidios-durante-la-pandemia-en-peru\/","title":{"rendered":"Alza de femicidios durante la pandemia en Per\u00fa"},"content":{"rendered":"<div id=\"attachment_492627\" style=\"width: 310px\" class=\"wp-caption alignnone\"><img loading=\"lazy\" decoding=\"async\" aria-describedby=\"caption-attachment-492627\" class=\"size-medium wp-image-492627\" src=\"https:\/\/diarioelpopular.com\/wp-content\/uploads\/2020\/07\/9d1184bbb159635c7d12738e33c5e860-300x200.jpg\" alt=\"\" width=\"300\" height=\"200\" \/><p id=\"caption-attachment-492627\" class=\"wp-caption-text\"><em>Per\u00fa sufre violencia contra las mujeres en pandemia.<\/em><\/p><\/div>\n<h4><em><strong>M\u00e1s de 2.400 denuncias de mujeres desaparecidas desde marzo<\/strong><\/em><\/h4>\n<p>&nbsp;<\/p>\n<p><em><strong>LIMA, 10 JUL &#8211;<\/strong><\/em> M\u00e1s de 2.457 mujeres adultas y menores de edad fueron denunciadas como desaparecidas en Per\u00fa, en los primeros seis meses del a\u00f1o, en coincidencia con la pandemia de coronavirus. Lo inform\u00f3 hoy la Defensor\u00eda del Pueblo peruana y se\u00f1al\u00f3 que el promedio de desapariciones fue de 14 por d\u00eda. La responsable de Derechos de la Mujer de esa oficina, Eliana Revollar A\u00f1a\u00f1os, revel\u00f3 que entre el 16 de marzo y el 30 de junio, es decir, durante el per\u00edodo agudo de la pandemia, el organismo recibi\u00f3 denuncias por 28 casos de femicidio. El aislamiento obligatorio a causa del coronavirus oblig\u00f3 a las mujeres v\u00edctimas de violencia dom\u00e9stica a permanecer las 24 horas con sus agresores, situaci\u00f3n que en muchos casos deriv\u00f3 en femicidio.<br \/>\nEn un comunicado, la Defensor\u00eda precis\u00f3 que las j\u00f3venes menores de 18 a\u00f1os se llevan la peor parte, ya que se registraron 1.720 casos, mientras que las adultas denunciadas como desaparecidas fueron menos de la mitad, 737.<br \/>\nAdem\u00e1s, al observar exclusivamente el per\u00edodo de la cuarenta, dispuesto desde marzo por el gobierno para hacer frente al Covid-19, el Defensor del Pueblo precis\u00f3 que fueron se\u00f1alados 1.100 casos de mujeres desaparecidas, 309 de ellas mayores de edad y 791 ni\u00f1as y adolescentes. Revollar A\u00f1a\u00f1os subray\u00f3 que &#8220;en un promedio de cada tres d\u00edas, una mujer perdi\u00f3 su vida durante la cuarentena, muchas en el interior de sus casas, una tendencia que no muestra ning\u00fan signo de atenuaci\u00f3n&#8221;.<br \/>\nFrente a este marco desolador, conclu\u00f3 A\u00f1a\u00f1os, &#8220;la justicia debe adoptar medidas para una investigaci\u00f3n eficaz de las mujeres desaparecidas, para darles la posibilidad de salvaguardar su integridad y debe hallar a los autores de los femicidios, para quienes esperamos condenas ejemplares&#8221;.<\/p>\n","protected":false},"excerpt":{"rendered":"<p>M\u00e1s de 2.400 denuncias de mujeres desaparecidas desde marzo &nbsp; LIMA, 10 JUL &#8211; M\u00e1s de 2.457 mujeres adultas y menores de edad fueron denunciadas&hellip;<\/p>\n","protected":false},"author":99,"featured_media":0,"comment_status":"open","ping_status":"open","sticky":false,"template":"","format":"standard","meta":{"footnotes":""},"categories":[23],"tags":[],"class_list":["post-492626","post","type-post","status-publish","format-standard","hentry","category-latinoamerica"],"_links":{"self":[{"href":"https:\/\/diarioelpopular.com\/index.php\/wp-json\/wp\/v2\/posts\/492626","targetHints":{"allow":["GET"]}}],"collection":[{"href":"https:\/\/diarioelpopular.com\/index.php\/wp-json\/wp\/v2\/posts"}],"about":[{"href":"https:\/\/diarioelpopular.com\/index.php\/wp-json\/wp\/v2\/types\/post"}],"author":[{"embeddable":true,"href":"https:\/\/diarioelpopular.com\/index.php\/wp-json\/wp\/v2\/users\/99"}],"replies":[{"embeddable":true,"href":"https:\/\/diarioelpopular.com\/index.php\/wp-json\/wp\/v2\/comments?post=492626"}],"version-history":[{"count":1,"href":"https:\/\/diarioelpopular.com\/index.php\/wp-json\/wp\/v2\/posts\/492626\/revisions"}],"predecessor-version":[{"id":492628,"href":"https:\/\/diarioelpopular.com\/index.php\/wp-json\/wp\/v2\/posts\/492626\/revisions\/492628"}],"wp:attachment":[{"href":"https:\/\/diarioelpopular.com\/index.php\/wp-json\/wp\/v2\/media?parent=492626"}],"wp:term":[{"taxonomy":"category","embeddable":true,"href":"https:\/\/diarioelpopular.com\/index.php\/wp-json\/wp\/v2\/categories?post=492626"},{"taxonomy":"post_tag","embeddable":true,"href":"https:\/\/diarioelpopular.com\/index.php\/wp-json\/wp\/v2\/tags?post=492626"}],"curies":[{"name":"wp","href":"https:\/\/api.w.org\/{rel}","templated":true}]}}