{"id":492633,"date":"2020-07-10T13:27:46","date_gmt":"2020-07-10T17:27:46","guid":{"rendered":"https:\/\/diarioelpopular.com\/?p=492633"},"modified":"2020-07-10T13:27:46","modified_gmt":"2020-07-10T17:27:46","slug":"chile-reporta-3-058-casos-nuevos-y-otros-99-decesos-inscritos-en-el-registro-civil","status":"publish","type":"post","link":"https:\/\/diarioelpopular.com\/index.php\/2020\/07\/10\/chile-reporta-3-058-casos-nuevos-y-otros-99-decesos-inscritos-en-el-registro-civil\/","title":{"rendered":"Chile reporta 3.058 casos nuevos y otros 99 decesos inscritos en el Registro Civil"},"content":{"rendered":"<h4><img loading=\"lazy\" decoding=\"async\" class=\"alignnone size-medium wp-image-492634\" src=\"https:\/\/diarioelpopular.com\/wp-content\/uploads\/2020\/07\/foto_0000000820200710120804-300x182.png\" alt=\"\" width=\"300\" height=\"182\" \/><\/h4>\n<h4><em><strong>En tanto, 24.440 son los casos activos reportados, vale decir, personas que a\u00fan tienen la capacidad de contagiar la epidemia. Los casos recuperados ascienden a 278.053.<\/strong><\/em><\/h4>\n<p>&nbsp;<\/p>\n<p><em><strong>SANTIAGO DE CHILE, 10 JUL.-<\/strong> <\/em>A 309.274 casos confirmados aument\u00f3 la cifra de personas contagiadas con Covid-19 en Chile, en base al reporte entregado por el Ministerio de Salud con datos entre el mi\u00e9rcoles 8 y jueves 9 de julio.<\/p>\n<p>Lo anterior implic\u00f3 3.058 casos nuevos en las \u00faltimas 24 horas, de los cuales 2.392 personas presentaban s\u00edntomas, mientras que 460 se registraron como asintom\u00e1ticas. 206 son casos sin notificar.<\/p>\n<p>Acerca de la cifra de decesos inscritos en el Registro Civil, \u00e9sta aument\u00f3 en 99, totalizando 6.781 v\u00edctimas fatales en el marco de la pandemia del coronavirus.<\/p>\n<p>En tanto, 24.440 son los casos activos reportados, vale decir, personas que a\u00fan tienen la capacidad de contagiar la epidemia. Los casos recuperados ascienden a 278.053.<\/p>\n<p>Por otra parte, se indic\u00f3 que 1.990 pacientes se encuentran hospitalizados en Unidades de Cuidados Intensivos (UCI). De ellos, 371 est\u00e1n en estado cr\u00edtico.<\/p>\n<p>En cuanto a los ventiladores mec\u00e1nicos invasivos, la cifra asciende a 425 a nivel nacional.<\/p>\n<p>De igual forma, se realizaron 17.727 ex\u00e1menes de PCR para detectar el Covid-19, con lo que la cifra total de test llega a 1.255.359.<\/p>\n<p>Finalmente, se inform\u00f3 de la existencia de 153 residencias sanitarias en todo el territorio nacional, con capacidad para atender a 10.029 pacientes.<\/p>\n","protected":false},"excerpt":{"rendered":"<p>En tanto, 24.440 son los casos activos reportados, vale decir, personas que a\u00fan tienen la capacidad de contagiar la epidemia. Los casos recuperados ascienden a&hellip;<\/p>\n","protected":false},"author":99,"featured_media":0,"comment_status":"open","ping_status":"open","sticky":false,"template":"","format":"standard","meta":{"footnotes":""},"categories":[23],"tags":[],"class_list":["post-492633","post","type-post","status-publish","format-standard","hentry","category-latinoamerica"],"_links":{"self":[{"href":"https:\/\/diarioelpopular.com\/index.php\/wp-json\/wp\/v2\/posts\/492633","targetHints":{"allow":["GET"]}}],"collection":[{"href":"https:\/\/diarioelpopular.com\/index.php\/wp-json\/wp\/v2\/posts"}],"about":[{"href":"https:\/\/diarioelpopular.com\/index.php\/wp-json\/wp\/v2\/types\/post"}],"author":[{"embeddable":true,"href":"https:\/\/diarioelpopular.com\/index.php\/wp-json\/wp\/v2\/users\/99"}],"replies":[{"embeddable":true,"href":"https:\/\/diarioelpopular.com\/index.php\/wp-json\/wp\/v2\/comments?post=492633"}],"version-history":[{"count":1,"href":"https:\/\/diarioelpopular.com\/index.php\/wp-json\/wp\/v2\/posts\/492633\/revisions"}],"predecessor-version":[{"id":492635,"href":"https:\/\/diarioelpopular.com\/index.php\/wp-json\/wp\/v2\/posts\/492633\/revisions\/492635"}],"wp:attachment":[{"href":"https:\/\/diarioelpopular.com\/index.php\/wp-json\/wp\/v2\/media?parent=492633"}],"wp:term":[{"taxonomy":"category","embeddable":true,"href":"https:\/\/diarioelpopular.com\/index.php\/wp-json\/wp\/v2\/categories?post=492633"},{"taxonomy":"post_tag","embeddable":true,"href":"https:\/\/diarioelpopular.com\/index.php\/wp-json\/wp\/v2\/tags?post=492633"}],"curies":[{"name":"wp","href":"https:\/\/api.w.org\/{rel}","templated":true}]}}