{"id":492642,"date":"2020-07-10T13:37:10","date_gmt":"2020-07-10T17:37:10","guid":{"rendered":"https:\/\/diarioelpopular.com\/?p=492642"},"modified":"2020-07-10T13:37:10","modified_gmt":"2020-07-10T17:37:10","slug":"argentina-conmemoro-el-aniversario-204-de-su-independencia","status":"publish","type":"post","link":"https:\/\/diarioelpopular.com\/index.php\/2020\/07\/10\/argentina-conmemoro-el-aniversario-204-de-su-independencia\/","title":{"rendered":"Argentina conmemor\u00f3 el aniversario 204 de su independencia"},"content":{"rendered":"<div id=\"attachment_492643\" style=\"width: 310px\" class=\"wp-caption alignnone\"><img loading=\"lazy\" decoding=\"async\" aria-describedby=\"caption-attachment-492643\" class=\"size-medium wp-image-492643\" src=\"https:\/\/diarioelpopular.com\/wp-content\/uploads\/2020\/07\/independencia-300x214.jpg\" alt=\"\" width=\"300\" height=\"214\" \/><p id=\"caption-attachment-492643\" class=\"wp-caption-text\"><em>Fern\u00e1ndez presidi\u00f3 de manera remota desde la residencia de Olivos el acto principal Fotograf\u00eda: Twitter<\/em><\/p><\/div>\n<p><em><strong>Buenos Aires, 10 jul (Prensa Latina)<\/strong><\/em>\u00a0-Los argentinos festejaron este jueves otra fecha patria, los 204 a\u00f1os de su independencia, confinados dentro de los hogares y de manera at\u00edpica, con un acto central por videoconferencia, encabezado por el presidente Alberto Fern\u00e1ndez.<\/p>\n<p>Son tiempos duros y como ha sucedido con otras importantes efem\u00e9rides como la Revoluci\u00f3n de Mayo o el D\u00eda de la Bandera en este 2020, las festividades por aquella gesta que llev\u00f3 a esta naci\u00f3n a la definitiva independencia ser\u00e1 muy diferente, sin la tradicional ceremonia ni desfile militar.<\/p>\n<p>En esta jornada Fern\u00e1ndez presidi\u00f3 de manera remota desde la residencia de Olivos el acto principal que se realiz\u00f3 a las 11:00, hora local, en la Casa Hist\u00f3rica de Tucum\u00e1n, junto al gobernador Juan Manzur por videoconferencia.<\/p>\n<p>El homenaje se transmiti\u00f3 en vivo por Internet y varios canales de noticias y ha sido la segunda actividad de fecha patria desde que el mandatario asumi\u00f3 en diciembre pasado, que no puede asistir de manera presencial por la pandemia.<\/p>\n<p>Desde la Casa Hist\u00f3rica de Tucum\u00e1n, donde en 1816 se firm\u00f3 el acta independentista, solo estuvieron presentes el gobernador Manzur, el vicegobernador Osvaldo Jaldo y el intendente Germ\u00e1n Alfaro.<\/p>\n<p>Seg\u00fan precis\u00f3 la directora de ese museo, Cecilia Guerra, los festejos se hicieron &#8216;de la forma m\u00e1s cuidadosa posible, tratando de que la gente los pudiese disfrutar desde sus hogares, ante esta situaci\u00f3n in\u00e9dita e hist\u00f3rica&#8217;.<\/p>\n<p>El tradicional locro, plato t\u00edpico en d\u00eda de fecha patria, no falt\u00f3 en los hogares, al igual que otros s\u00edmbolos identitarios de este pa\u00eds como el mate, o compartir un dulce de leche entre familiares.<\/p>\n<p>Tambi\u00e9n hubo otros tipos de eventos de manera virtual, como actos escolares a trav\u00e9s de la plataforma Zoom y homenajes de varios artistas, entre ellos Juan Carlos Jim\u00e9nez Rufino, m\u00e1s conocido como &#8216;La Mona&#8217;, quien grab\u00f3 una nueva versi\u00f3n del himno nacional.<\/p>\n<p>Argentina recuerda cada a\u00f1o el 9 de julio cuando, tras varios siglos de dominio colonial espa\u00f1ol, fue declarada la independencia por el hist\u00f3rico Congreso de Tucum\u00e1n de las entonces Provincias Unidas del R\u00edo de la Plata.<\/p>\n","protected":false},"excerpt":{"rendered":"<p>Buenos Aires, 10 jul (Prensa Latina)\u00a0-Los argentinos festejaron este jueves otra fecha patria, los 204 a\u00f1os de su independencia, confinados dentro de los hogares y&hellip;<\/p>\n","protected":false},"author":99,"featured_media":0,"comment_status":"open","ping_status":"open","sticky":false,"template":"","format":"standard","meta":{"footnotes":""},"categories":[23],"tags":[],"class_list":["post-492642","post","type-post","status-publish","format-standard","hentry","category-latinoamerica"],"_links":{"self":[{"href":"https:\/\/diarioelpopular.com\/index.php\/wp-json\/wp\/v2\/posts\/492642","targetHints":{"allow":["GET"]}}],"collection":[{"href":"https:\/\/diarioelpopular.com\/index.php\/wp-json\/wp\/v2\/posts"}],"about":[{"href":"https:\/\/diarioelpopular.com\/index.php\/wp-json\/wp\/v2\/types\/post"}],"author":[{"embeddable":true,"href":"https:\/\/diarioelpopular.com\/index.php\/wp-json\/wp\/v2\/users\/99"}],"replies":[{"embeddable":true,"href":"https:\/\/diarioelpopular.com\/index.php\/wp-json\/wp\/v2\/comments?post=492642"}],"version-history":[{"count":1,"href":"https:\/\/diarioelpopular.com\/index.php\/wp-json\/wp\/v2\/posts\/492642\/revisions"}],"predecessor-version":[{"id":492644,"href":"https:\/\/diarioelpopular.com\/index.php\/wp-json\/wp\/v2\/posts\/492642\/revisions\/492644"}],"wp:attachment":[{"href":"https:\/\/diarioelpopular.com\/index.php\/wp-json\/wp\/v2\/media?parent=492642"}],"wp:term":[{"taxonomy":"category","embeddable":true,"href":"https:\/\/diarioelpopular.com\/index.php\/wp-json\/wp\/v2\/categories?post=492642"},{"taxonomy":"post_tag","embeddable":true,"href":"https:\/\/diarioelpopular.com\/index.php\/wp-json\/wp\/v2\/tags?post=492642"}],"curies":[{"name":"wp","href":"https:\/\/api.w.org\/{rel}","templated":true}]}}