{"id":492649,"date":"2020-07-10T17:38:10","date_gmt":"2020-07-10T21:38:10","guid":{"rendered":"https:\/\/diarioelpopular.com\/?p=492649"},"modified":"2020-07-10T17:38:10","modified_gmt":"2020-07-10T21:38:10","slug":"peru-bajo-colapso-y-huelga-medica","status":"publish","type":"post","link":"https:\/\/diarioelpopular.com\/index.php\/2020\/07\/10\/peru-bajo-colapso-y-huelga-medica\/","title":{"rendered":"Per\u00fa bajo colapso y huelga m\u00e9dica"},"content":{"rendered":"<div id=\"attachment_492650\" style=\"width: 310px\" class=\"wp-caption alignnone\"><img loading=\"lazy\" decoding=\"async\" aria-describedby=\"caption-attachment-492650\" class=\"size-medium wp-image-492650\" src=\"https:\/\/diarioelpopular.com\/wp-content\/uploads\/2020\/07\/dbf95e024df518eaff8e8fa5397cab3b-300x200.jpg\" alt=\"\" width=\"300\" height=\"200\" \/><p id=\"caption-attachment-492650\" class=\"wp-caption-text\"><em>M\u00e9dicos de Per\u00fa, reclaman protecci\u00f3n y pago de salarios.<\/em><\/p><\/div>\n<h4><em><strong>Cese de tareas de galenos 15 y 16 de julio en un pa\u00eds en colapso<\/strong><\/em><\/h4>\n<p>&nbsp;<\/p>\n<p><em><strong>LIMA, 10 JUL &#8211;<\/strong><\/em> La Federaci\u00f3n M\u00e9dica peruana anunci\u00f3 hoy una huelga nacional del sector para el 15 y 16 de julio pr\u00f3ximos en medio de la pandemia de Covid-19 que azota al pa\u00eds y que ha causado m\u00e1s de 312 mil infectados y m\u00e1s de 11 mil fallecidos.<br \/>\n&#8220;El paro (huelga, NDR) es por incumplimiento de los acuerdos firmados en 2017. No tenemos el incremento debido del presupuesto, por eso es que hemos vivido una crisis&#8221;, dijo Godofredo Talavera, presidente de la Federaci\u00f3n M\u00e9dica.<br \/>\nEl dirigente gremial denunci\u00f3 que hay m\u00e9dicos que no han recibido pagos por m\u00e1s de tres meses, tampoco tienen equipos de protecci\u00f3n frente al coronavirus y tampoco les hacen pruebas r\u00e1pidas cada semana.<br \/>\n&#8220;Hay lugares donde nos hacen las pruebas r\u00e1pidas cada 15 d\u00edas, cada mes y en otros casi no se realizan&#8221;, explic\u00f3 Talavera, que es m\u00e9dico, seg\u00fan lo reprodujo la prensa local.<br \/>\nTodo el sector salud ir\u00e1 a la huelga nacional para exigir una soluci\u00f3n a sus demandas en un contexto complicado, que dejar\u00e1 a miles de pacientes sin atenci\u00f3n en medio de la emergencia.<br \/>\nEn tanto, el gobierno del presidente Mart\u00edn Vizcarra intentaba una soluci\u00f3n de urgencia y planificaba reuniones con el sindicato de los m\u00e9dicos para evitar la huelga.<br \/>\nDespu\u00e9s de Brasil, Per\u00fa es el pa\u00eds m\u00e1s afectado en n\u00fameros globales por la pandemia.<\/p>\n","protected":false},"excerpt":{"rendered":"<p>Cese de tareas de galenos 15 y 16 de julio en un pa\u00eds en colapso &nbsp; LIMA, 10 JUL &#8211; La Federaci\u00f3n M\u00e9dica peruana anunci\u00f3&hellip;<\/p>\n","protected":false},"author":99,"featured_media":0,"comment_status":"open","ping_status":"open","sticky":false,"template":"","format":"standard","meta":{"footnotes":""},"categories":[23],"tags":[],"class_list":["post-492649","post","type-post","status-publish","format-standard","hentry","category-latinoamerica"],"_links":{"self":[{"href":"https:\/\/diarioelpopular.com\/index.php\/wp-json\/wp\/v2\/posts\/492649","targetHints":{"allow":["GET"]}}],"collection":[{"href":"https:\/\/diarioelpopular.com\/index.php\/wp-json\/wp\/v2\/posts"}],"about":[{"href":"https:\/\/diarioelpopular.com\/index.php\/wp-json\/wp\/v2\/types\/post"}],"author":[{"embeddable":true,"href":"https:\/\/diarioelpopular.com\/index.php\/wp-json\/wp\/v2\/users\/99"}],"replies":[{"embeddable":true,"href":"https:\/\/diarioelpopular.com\/index.php\/wp-json\/wp\/v2\/comments?post=492649"}],"version-history":[{"count":1,"href":"https:\/\/diarioelpopular.com\/index.php\/wp-json\/wp\/v2\/posts\/492649\/revisions"}],"predecessor-version":[{"id":492651,"href":"https:\/\/diarioelpopular.com\/index.php\/wp-json\/wp\/v2\/posts\/492649\/revisions\/492651"}],"wp:attachment":[{"href":"https:\/\/diarioelpopular.com\/index.php\/wp-json\/wp\/v2\/media?parent=492649"}],"wp:term":[{"taxonomy":"category","embeddable":true,"href":"https:\/\/diarioelpopular.com\/index.php\/wp-json\/wp\/v2\/categories?post=492649"},{"taxonomy":"post_tag","embeddable":true,"href":"https:\/\/diarioelpopular.com\/index.php\/wp-json\/wp\/v2\/tags?post=492649"}],"curies":[{"name":"wp","href":"https:\/\/api.w.org\/{rel}","templated":true}]}}