{"id":492660,"date":"2020-07-11T13:15:32","date_gmt":"2020-07-11T17:15:32","guid":{"rendered":"https:\/\/diarioelpopular.com\/?p=492660"},"modified":"2020-07-11T13:15:32","modified_gmt":"2020-07-11T17:15:32","slug":"bogota-vuelve-a-la-cuarentena","status":"publish","type":"post","link":"https:\/\/diarioelpopular.com\/index.php\/2020\/07\/11\/bogota-vuelve-a-la-cuarentena\/","title":{"rendered":"Bogot\u00e1 vuelve a la cuarentena"},"content":{"rendered":"<div id=\"attachment_492661\" style=\"width: 310px\" class=\"wp-caption alignnone\"><img loading=\"lazy\" decoding=\"async\" aria-describedby=\"caption-attachment-492661\" class=\"size-medium wp-image-492661\" src=\"https:\/\/diarioelpopular.com\/wp-content\/uploads\/2020\/07\/0f0995cca406c0fe222fcbfcc7ed1cb1-300x193.jpg\" alt=\"\" width=\"300\" height=\"193\" \/><p id=\"caption-attachment-492661\" class=\"wp-caption-text\"><em>Claudia L\u00f3pez, alcaldesa de Bogot\u00e1.<\/em><\/p><\/div>\n<h4><em><strong>Inminente llegada del pico de la pandemia oblig\u00f3 a la decisi\u00f3n<\/strong><\/em><\/h4>\n<p>&nbsp;<\/p>\n<p><em><strong>BOGOTA, 11 JUL &#8211;<\/strong><\/em> El crecimiento de los contagios y las muertes por Covid-19 oblig\u00f3 este viernes a la alcaldesa de Bogot\u00e1, Claudia L\u00f3pez, a retornar a la cuarentena total de la ciudad, aunque se har\u00e1 por sectores entre el 13 de julio y el 23 de agosto.<br \/>\nA esta decisi\u00f3n lleg\u00f3 la mandataria capitalina y el gobierno de Iv\u00e1n Duque, tras analizar las cifras de la ciudad y ante el inminente arribo del &#8220;pico de la pandemia&#8221;, que no es otra cosa que el contagio masivo y el aumento de enfermos graves y fallecidos.<br \/>\nBogot\u00e1 tiene en este momento 42.347 casos confirmados de coronavirus, un total de 959 muertos y ocupadas 942 Unidades de Cuidado Intensivo (UCI) de las 1.106 disponibles, con lo que el porcentaje de copamiento es de 85,2%, de acuerdo a datos oficiales.<br \/>\nLo que se busca evitar con la medida es el colapso del sistema hospitalario de la capital y es la manera como la ciudad encarar\u00e1 el pico m\u00e1ximo de peste que est\u00e1 presupuestado muestre su peor cara a partir de agosto.<br \/>\nLa decisi\u00f3n contempla el encierro general y de todos los negocios en tres sectores amplios de la ciudad, que abarcan a un total de 15 localidades y que iniciar\u00e1 el pr\u00f3ximo lunes cuando ocho de esas zonas apagar\u00e1n toda actividad, sus residentes no podr\u00e1n salir de sus viviendas salvo a comprar v\u00edveres o medicinas.<br \/>\nLa \u00fanicas actividades exentas durante los tres turnos de encierro que tendr\u00e1 la capital ser\u00e1n los servicios de salud, el cuidado de ancianos o discapacitados, la presencia de autoridades, los abastos y las farmacias. Todo lo dem\u00e1s estar\u00e1 cerrado como fue al inicio de la cuarentena.<br \/>\nNi los ni\u00f1os, ni ancianos, ni los deportistas podr\u00e1n tener los espacios de salida que hab\u00eda autorizado el gobierno, solo una persona por n\u00facleo familiar podr\u00e1 salir a la calle y los planes pilotos para la reapertura de restaurantes y el aeropuerto quedar\u00e1n suspendidos hasta que concluya el confinamiento.<br \/>\nF\u00e1bricas, empresas, centros comerciales, construcciones y comercio en general ubicadas en esas zonas tambi\u00e9n tendr\u00e1n que parar.<br \/>\nEl primer encierro ir\u00eda del 13 al 26 de julio, al d\u00eda siguiente se tendr\u00e1n que confinar otras cuatro localidades hasta el 9 de agosto, despu\u00e9s de esa fecha llegar\u00e1 el turno para el tercer sector que comprende dos localidades y que estar\u00e1n cerrado del 10 al 23 de agosto Durante el lapso de tiempo del encierro, la alcaldesa prometi\u00f3 aumentar las pruebas de Covid-19 diarias a 4.000 por d\u00eda y aumentar las UCI a m\u00e1s de 2.000.<br \/>\nLa idea de la alcaldesa es sacar de las calles en ese periodo de tiempo a 2,5 millones de personas. Seg\u00fan sus cuentas, con la decisi\u00f3n del gobierno de la reapertura de varios sectores econ\u00f3micos en abril y mayo la mayor\u00eda de la ciudad volvi\u00f3 a sus actividades, entre 7 y 8 millones est\u00e1n afuera de sus casas cada d\u00eda.<br \/>\n&#8220;En la medida en que se han ido autorizando la reapertura econ\u00f3mica de sectores eso ha sido maravilloso porque nos alivia el bolsillo, pero ha sido riesgoso porque dispara el contagio&#8221;, sintetiz\u00f3 L\u00f3pez.<br \/>\nExplic\u00f3 que con la ayuda del gobierno y recursos propios, la ciudad entregar\u00e1 a 700 familias en extrema pobreza o vulnerables 240 mil pesos (unos 68 d\u00f3lares) o un mercado por ese valor para que pasen los 14 d\u00edas que les corresponda de encierro.<br \/>\nLa alcaldesa reclam\u00f3 de los bogotanos mayor compromiso con la &#8220;cultura ciudadana&#8221; que se traduce en el uso permanente de mascarilla y distanciamiento en lugares p\u00fablicos.<br \/>\nAdvirti\u00f3 que en agosto la cifra de muertos por la enfermedad aumentar\u00e1, por lo que le rog\u00f3 a los j\u00f3venes ser m\u00e1s prudentes y obedecer las medidas sanitarias.<br \/>\n&#8220;Tenemos que cuidar a los padres, no queremos una ciudad de hu\u00e9rfanos&#8221;, advirti\u00f3 la mandataria capitalina.<\/p>\n","protected":false},"excerpt":{"rendered":"<p>Inminente llegada del pico de la pandemia oblig\u00f3 a la decisi\u00f3n &nbsp; BOGOTA, 11 JUL &#8211; El crecimiento de los contagios y las muertes por&hellip;<\/p>\n","protected":false},"author":99,"featured_media":0,"comment_status":"open","ping_status":"open","sticky":false,"template":"","format":"standard","meta":{"footnotes":""},"categories":[23],"tags":[],"class_list":["post-492660","post","type-post","status-publish","format-standard","hentry","category-latinoamerica"],"_links":{"self":[{"href":"https:\/\/diarioelpopular.com\/index.php\/wp-json\/wp\/v2\/posts\/492660","targetHints":{"allow":["GET"]}}],"collection":[{"href":"https:\/\/diarioelpopular.com\/index.php\/wp-json\/wp\/v2\/posts"}],"about":[{"href":"https:\/\/diarioelpopular.com\/index.php\/wp-json\/wp\/v2\/types\/post"}],"author":[{"embeddable":true,"href":"https:\/\/diarioelpopular.com\/index.php\/wp-json\/wp\/v2\/users\/99"}],"replies":[{"embeddable":true,"href":"https:\/\/diarioelpopular.com\/index.php\/wp-json\/wp\/v2\/comments?post=492660"}],"version-history":[{"count":1,"href":"https:\/\/diarioelpopular.com\/index.php\/wp-json\/wp\/v2\/posts\/492660\/revisions"}],"predecessor-version":[{"id":492662,"href":"https:\/\/diarioelpopular.com\/index.php\/wp-json\/wp\/v2\/posts\/492660\/revisions\/492662"}],"wp:attachment":[{"href":"https:\/\/diarioelpopular.com\/index.php\/wp-json\/wp\/v2\/media?parent=492660"}],"wp:term":[{"taxonomy":"category","embeddable":true,"href":"https:\/\/diarioelpopular.com\/index.php\/wp-json\/wp\/v2\/categories?post=492660"},{"taxonomy":"post_tag","embeddable":true,"href":"https:\/\/diarioelpopular.com\/index.php\/wp-json\/wp\/v2\/tags?post=492660"}],"curies":[{"name":"wp","href":"https:\/\/api.w.org\/{rel}","templated":true}]}}