{"id":492669,"date":"2020-07-11T13:23:33","date_gmt":"2020-07-11T17:23:33","guid":{"rendered":"https:\/\/diarioelpopular.com\/?p=492669"},"modified":"2020-07-11T13:23:33","modified_gmt":"2020-07-11T17:23:33","slug":"presidenta-del-senado-de-bolivia-da-positivo","status":"publish","type":"post","link":"https:\/\/diarioelpopular.com\/index.php\/2020\/07\/11\/presidenta-del-senado-de-bolivia-da-positivo\/","title":{"rendered":"Presidenta del Senado de Bolivia da positivo"},"content":{"rendered":"<div id=\"attachment_492670\" style=\"width: 310px\" class=\"wp-caption alignnone\"><img loading=\"lazy\" decoding=\"async\" aria-describedby=\"caption-attachment-492670\" class=\"size-medium wp-image-492670\" src=\"https:\/\/diarioelpopular.com\/wp-content\/uploads\/2020\/07\/f793747e08f8ba92d31c3dbad217ba24-300x228.jpg\" alt=\"\" width=\"300\" height=\"228\" \/><p id=\"caption-attachment-492670\" class=\"wp-caption-text\"><em>Eva Copa, presidenta del Senado de Bolivia.<\/em><\/p><\/div>\n<h4><em><strong>Socialista Eva Copa enferma, junto a mandataria y tres ministros<\/strong><\/em><\/h4>\n<p>&nbsp;<\/p>\n<p><strong><em>ROMA, 11 JUL &#8211;<\/em> <\/strong>La presidenta del Senado de Bolivia, Eva Copa, del Movimiento al Socialismo (MAS), confirm\u00f3 hoy que contagi\u00f3 de Covid-19, por lo que deber\u00e1 permanecer en cuarentena, lo mismo que la presidenta interina de la naci\u00f3n, Jeanine A\u00f1ez.<br \/>\nLas pruebas de laboratorio solicitadas por la legisladora del partido del expresidente evo Morales dieron positivo, seg\u00fan lo anunci\u00f3 en su cuenta de Twitter. Despu\u00e9s de A\u00f1ez, es la segunda persona en importancia en el organigrama del estado.<br \/>\n&#8220;Sigo los protocolos sanitarios y mantendr\u00e9 el aislamiento por el tiempo necesario, me encuentro estable y no me alejar\u00e9 de mis funciones en la Asamblea Legislativa, seguir\u00e9 trabajando v\u00eda plataformas virtuales&#8221;, poste\u00f3 en Twitter.<br \/>\nEl senador Ciro Zabala (MAS), que dijo que como m\u00e9dico asiste a la senadora Copa, dio cuenta de que a la fecha ya suman 10 los miembros de la C\u00e1mara Senadores que dieron positivo.<br \/>\n&#8220;Gracias a Dios, estoy bien, aunque con un poco de dolor de cabeza. Pero seguir\u00e9 trabajando en la Asamblea&#8221;, dijo Copa a radio Panamericana.<br \/>\nLa presidenta interina A\u00f1ez tambi\u00e9n dio positivo a la prueba de coronavirus, como lo anunci\u00f3 la tarde del jueves. Enterada de la situaci\u00f3n de Copa, expres\u00f3 su solidaridad y deseos de pronta recuperaci\u00f3n.<br \/>\nAsimismo, ayer Luis Fernando L\u00f3pez que estaba a cargo del ministerio de Defensa debi\u00f3 sumarse tambi\u00e9n al reemplazo temporal de la actual ministra de Salud, Heidy Rocca, otra funcionaria boliviana que se recupera tras haber contra\u00eddo el coronavirus. Tambi\u00e9n los ministros de Presidencia y Miner\u00eda, Yerko N\u00fa\u00f1ez y Fernando Oropeza, respectivamente, est\u00e1n aislados en pos de superar la enfermedad.<\/p>\n","protected":false},"excerpt":{"rendered":"<p>Socialista Eva Copa enferma, junto a mandataria y tres ministros &nbsp; ROMA, 11 JUL &#8211; La presidenta del Senado de Bolivia, Eva Copa, del Movimiento&hellip;<\/p>\n","protected":false},"author":99,"featured_media":0,"comment_status":"open","ping_status":"open","sticky":false,"template":"","format":"standard","meta":{"footnotes":""},"categories":[23],"tags":[],"class_list":["post-492669","post","type-post","status-publish","format-standard","hentry","category-latinoamerica"],"_links":{"self":[{"href":"https:\/\/diarioelpopular.com\/index.php\/wp-json\/wp\/v2\/posts\/492669","targetHints":{"allow":["GET"]}}],"collection":[{"href":"https:\/\/diarioelpopular.com\/index.php\/wp-json\/wp\/v2\/posts"}],"about":[{"href":"https:\/\/diarioelpopular.com\/index.php\/wp-json\/wp\/v2\/types\/post"}],"author":[{"embeddable":true,"href":"https:\/\/diarioelpopular.com\/index.php\/wp-json\/wp\/v2\/users\/99"}],"replies":[{"embeddable":true,"href":"https:\/\/diarioelpopular.com\/index.php\/wp-json\/wp\/v2\/comments?post=492669"}],"version-history":[{"count":1,"href":"https:\/\/diarioelpopular.com\/index.php\/wp-json\/wp\/v2\/posts\/492669\/revisions"}],"predecessor-version":[{"id":492671,"href":"https:\/\/diarioelpopular.com\/index.php\/wp-json\/wp\/v2\/posts\/492669\/revisions\/492671"}],"wp:attachment":[{"href":"https:\/\/diarioelpopular.com\/index.php\/wp-json\/wp\/v2\/media?parent=492669"}],"wp:term":[{"taxonomy":"category","embeddable":true,"href":"https:\/\/diarioelpopular.com\/index.php\/wp-json\/wp\/v2\/categories?post=492669"},{"taxonomy":"post_tag","embeddable":true,"href":"https:\/\/diarioelpopular.com\/index.php\/wp-json\/wp\/v2\/tags?post=492669"}],"curies":[{"name":"wp","href":"https:\/\/api.w.org\/{rel}","templated":true}]}}