{"id":492672,"date":"2020-07-11T13:34:13","date_gmt":"2020-07-11T17:34:13","guid":{"rendered":"https:\/\/diarioelpopular.com\/?p=492672"},"modified":"2020-07-11T13:34:13","modified_gmt":"2020-07-11T17:34:13","slug":"talia-prohibe-ingreso-de-viajeros-de-trece-paises-entre-ellos-brasil-panama-chile-y-peru","status":"publish","type":"post","link":"https:\/\/diarioelpopular.com\/index.php\/2020\/07\/11\/talia-prohibe-ingreso-de-viajeros-de-trece-paises-entre-ellos-brasil-panama-chile-y-peru\/","title":{"rendered":"talia proh\u00edbe ingreso de viajeros de trece pa\u00edses, entre ellos Brasil, Panam\u00e1, Chile y Per\u00fa"},"content":{"rendered":"<div id=\"attachment_492673\" style=\"width: 310px\" class=\"wp-caption alignnone\"><img loading=\"lazy\" decoding=\"async\" aria-describedby=\"caption-attachment-492673\" class=\"size-medium wp-image-492673\" src=\"https:\/\/diarioelpopular.com\/wp-content\/uploads\/2020\/07\/prohibe-300x204.jpg\" alt=\"\" width=\"300\" height=\"204\" \/><p id=\"caption-attachment-492673\" class=\"wp-caption-text\"><em>Viajeros de trece pa\u00edses no podr\u00e1n ingresar a Italia por tener un aumento de casos de covid. AFP<\/em><\/p><\/div>\n<h4><em><strong>Mediante un decreto del Ministerio de Salud, Italia proh\u00edbe el ingreso de viajeros provenientes de trece pa\u00edses considerados con riesgo elevado de contaminaci\u00f3n por coronavirus.<\/strong><\/em><\/h4>\n<p><strong><em>ROMA, 11 JUL.-<\/em> <\/strong>Quienes estuvieron o transitaron en las \u00faltimas dos semanas por Brasil, Armenia, Bar\u00e9in, Banglad\u00e9s, Bosnia-Herzegovina, Chile, Kuw\u00e1it, Macedonia del Norte, Moldavia, Om\u00e1n, Panam\u00e1, Per\u00fa y Rep\u00fablica Dominicana no podr\u00e1n entrar al pa\u00eds europeo.<\/p>\n<p>Italia fue uno de los pa\u00edses m\u00e1s afectados con el coronavirus con cerca de 35,000 fallecidos y m\u00e1s de 240,000 casos positivos.<\/p>\n<p>Brasil, Per\u00fa y Chile con tres de los seis pa\u00edses m\u00e1s afectados en el mundo con casos positivos de COVID-19. Tan solo en la primera naci\u00f3n hay m\u00e1s de 65 mil fallecidos a causas del virus.<\/p>\n<p>El continente americano es actualmente el epicentro de la pandemia teniendo en Estados Unidos m\u00e1s de tres millones de casos.<\/p>\n","protected":false},"excerpt":{"rendered":"<p>Mediante un decreto del Ministerio de Salud, Italia proh\u00edbe el ingreso de viajeros provenientes de trece pa\u00edses considerados con riesgo elevado de contaminaci\u00f3n por coronavirus.&hellip;<\/p>\n","protected":false},"author":99,"featured_media":0,"comment_status":"open","ping_status":"open","sticky":false,"template":"","format":"standard","meta":{"footnotes":""},"categories":[23],"tags":[],"class_list":["post-492672","post","type-post","status-publish","format-standard","hentry","category-latinoamerica"],"_links":{"self":[{"href":"https:\/\/diarioelpopular.com\/index.php\/wp-json\/wp\/v2\/posts\/492672","targetHints":{"allow":["GET"]}}],"collection":[{"href":"https:\/\/diarioelpopular.com\/index.php\/wp-json\/wp\/v2\/posts"}],"about":[{"href":"https:\/\/diarioelpopular.com\/index.php\/wp-json\/wp\/v2\/types\/post"}],"author":[{"embeddable":true,"href":"https:\/\/diarioelpopular.com\/index.php\/wp-json\/wp\/v2\/users\/99"}],"replies":[{"embeddable":true,"href":"https:\/\/diarioelpopular.com\/index.php\/wp-json\/wp\/v2\/comments?post=492672"}],"version-history":[{"count":1,"href":"https:\/\/diarioelpopular.com\/index.php\/wp-json\/wp\/v2\/posts\/492672\/revisions"}],"predecessor-version":[{"id":492674,"href":"https:\/\/diarioelpopular.com\/index.php\/wp-json\/wp\/v2\/posts\/492672\/revisions\/492674"}],"wp:attachment":[{"href":"https:\/\/diarioelpopular.com\/index.php\/wp-json\/wp\/v2\/media?parent=492672"}],"wp:term":[{"taxonomy":"category","embeddable":true,"href":"https:\/\/diarioelpopular.com\/index.php\/wp-json\/wp\/v2\/categories?post=492672"},{"taxonomy":"post_tag","embeddable":true,"href":"https:\/\/diarioelpopular.com\/index.php\/wp-json\/wp\/v2\/tags?post=492672"}],"curies":[{"name":"wp","href":"https:\/\/api.w.org\/{rel}","templated":true}]}}