{"id":492702,"date":"2020-07-13T12:33:27","date_gmt":"2020-07-13T16:33:27","guid":{"rendered":"https:\/\/diarioelpopular.com\/?p=492702"},"modified":"2020-07-13T12:33:27","modified_gmt":"2020-07-13T16:33:27","slug":"contagios-en-el-gabinete-gobierno-boliviano-online","status":"publish","type":"post","link":"https:\/\/diarioelpopular.com\/index.php\/2020\/07\/13\/contagios-en-el-gabinete-gobierno-boliviano-online\/","title":{"rendered":"Contagios en el gabinete, gobierno boliviano online"},"content":{"rendered":"<div id=\"attachment_492703\" style=\"width: 310px\" class=\"wp-caption alignnone\"><img loading=\"lazy\" decoding=\"async\" aria-describedby=\"caption-attachment-492703\" class=\"size-medium wp-image-492703\" src=\"https:\/\/diarioelpopular.com\/wp-content\/uploads\/2020\/07\/54e51b435c674122caeeff435bffd9ba-1-300x200.jpg\" alt=\"\" width=\"300\" height=\"200\" \/><p id=\"caption-attachment-492703\" class=\"wp-caption-text\"><em>Jeanine A\u00f1ez, presidenta interina de Bolivia, en cuarentena contagiada de Covid-19.<\/em><\/p><\/div>\n<h4><em><strong>El virus avanza en el pa\u00eds con 40 mil infectados y 1.800 decesos<\/strong><\/em><\/h4>\n<p>&nbsp;<\/p>\n<p><em><strong>LA PAZ, 13 JUL &#8211;<\/strong> <\/em>La presidenta Jeanine A\u00f1ez, cinco ministros y al menos una decena de funcionarios de alto rango est\u00e1n infectados con Covid-19, lo que est\u00e1 obligando a la administraci\u00f3n a manejarse de modo virtual.<br \/>\nEl Gobierno se ve golpeado por una ola de contagios que obliga a sus autoridades a trabajar de forma online, desde la presidenta hasta directores de unidades resultaron contagiados, alert\u00f3 hoy el diario El Deber Este lunes se sum\u00f3 el viceministro de Justicia y Transparencia Institucional, Guido Melgar, que permanece aislado, y medicado por claros s\u00edntomas de SARAS-CoV-2.<br \/>\n&#8220;Como indican los protocolos de sanidad, la autoridad cumple el aislamiento, la medicaci\u00f3n y los cuidados respectivos. Su condici\u00f3n de salud es estable y estar\u00e1 bajo constante evaluaci\u00f3n&#8221;, dijo hoy un comunicado de Justicia.<br \/>\nM\u00e1s tarde se conoci\u00f3 el positivo del ministro de Econom\u00eda, Oscar Ort\u00edz, el quinto de ese rango en el organigrama oficial.<br \/>\nLo inform\u00f3 el gobierno a trav\u00e9s de Twitter. Se trata del quinto ministro del gabinete que da positivo por el mal.<br \/>\nOrtiz cont\u00f3 que comenz\u00f3 &#8220;a sentir s\u00edntomas de cansancio, decaimiento y dolor muscular por lo que en horas de la noche comenc\u00e9 a hacerme algunos estudios cuyos resultados han salido positivos&#8221;. &#8220;No he tenido otros s\u00edntomas ni en estos d\u00edas ni en los d\u00edas pasados&#8221;, recalc\u00f3.<br \/>\nBolivia sum\u00f3 en la v\u00edspera 987 nuevos contagios y 53 decesos, acumulando un total de 48.187 casos confirmados, 1.807 fallecidos y 14.843 recuperados del coronavirus.<br \/>\nLa pandemia suma 125 d\u00edas en el pa\u00eds y hay varios hospitales en colapso.<br \/>\nLa presidenta del Senado de Bolivia, Eva Copa, del Movimiento al Socialismo (MAS), confirm\u00f3 el s\u00e1bado que se contagi\u00f3 de Covid-19, por lo que deber\u00e1 permanecer en cuarentena.<br \/>\nLas pruebas de laboratorio solicitadas por la legisladora del partido del expresidente Evo Morales dieron positivo, seg\u00fan lo anunci\u00f3 en su cuenta de Twitter. Despu\u00e9s de A\u00f1ez, es la segunda persona en importancia en el organigrama del estado.<br \/>\n&#8220;Sigo los protocolos sanitarios y mantendr\u00e9 el aislamiento por el tiempo necesario, me encuentro estable y no me alejar\u00e9 de mis funciones en la Asamblea Legislativa, seguir\u00e9 trabajando v\u00eda plataformas virtuales&#8221;, poste\u00f3 en Twitter.<br \/>\nEl senador Ciro Zabala (MAS), que dijo que como m\u00e9dico asiste a la senadora Copa, dio cuenta de que a la fecha ya suman 10 los miembros de la C\u00e1mara Senadores que dieron positivo.<br \/>\n&#8220;Gracias a Dios, estoy bien, aunque con un poco de dolor de cabeza. Pero seguir\u00e9 trabajando en la Asamblea&#8221;, dijo Copa a radio Panamericana.<br \/>\nLa presidenta interina A\u00f1ez tambi\u00e9n dio positivo a la prueba de coronavirus, como lo anunci\u00f3 la tarde del jueves. Enterada de la situaci\u00f3n de Copa, expres\u00f3 su solidaridad y deseos de pronta recuperaci\u00f3n.<br \/>\nAsimismo, ayer Luis Fernando L\u00f3pez que estaba a cargo del ministerio de Defensa debi\u00f3 sumarse tambi\u00e9n al reemplazo temporal de la actual ministra de Salud, Heidy Rocca, otra funcionaria boliviana que se recupera tras haber contra\u00eddo el coronavirus. Los ministros de la Presidencia, Yerko N\u00fa\u00f1ez; de Salud, Rocca; de Justicia, Alvaro Coimbra; y de Miner\u00eda, Fernando Oropeza, adem\u00e1s, de decenas de viceministros y funcionarios de primera l\u00ednea est\u00e1n en aislamiento.<\/p>\n","protected":false},"excerpt":{"rendered":"<p>El virus avanza en el pa\u00eds con 40 mil infectados y 1.800 decesos &nbsp; LA PAZ, 13 JUL &#8211; La presidenta Jeanine A\u00f1ez, cinco ministros&hellip;<\/p>\n","protected":false},"author":99,"featured_media":0,"comment_status":"open","ping_status":"open","sticky":false,"template":"","format":"standard","meta":{"footnotes":""},"categories":[23],"tags":[],"class_list":["post-492702","post","type-post","status-publish","format-standard","hentry","category-latinoamerica"],"_links":{"self":[{"href":"https:\/\/diarioelpopular.com\/index.php\/wp-json\/wp\/v2\/posts\/492702","targetHints":{"allow":["GET"]}}],"collection":[{"href":"https:\/\/diarioelpopular.com\/index.php\/wp-json\/wp\/v2\/posts"}],"about":[{"href":"https:\/\/diarioelpopular.com\/index.php\/wp-json\/wp\/v2\/types\/post"}],"author":[{"embeddable":true,"href":"https:\/\/diarioelpopular.com\/index.php\/wp-json\/wp\/v2\/users\/99"}],"replies":[{"embeddable":true,"href":"https:\/\/diarioelpopular.com\/index.php\/wp-json\/wp\/v2\/comments?post=492702"}],"version-history":[{"count":1,"href":"https:\/\/diarioelpopular.com\/index.php\/wp-json\/wp\/v2\/posts\/492702\/revisions"}],"predecessor-version":[{"id":492704,"href":"https:\/\/diarioelpopular.com\/index.php\/wp-json\/wp\/v2\/posts\/492702\/revisions\/492704"}],"wp:attachment":[{"href":"https:\/\/diarioelpopular.com\/index.php\/wp-json\/wp\/v2\/media?parent=492702"}],"wp:term":[{"taxonomy":"category","embeddable":true,"href":"https:\/\/diarioelpopular.com\/index.php\/wp-json\/wp\/v2\/categories?post=492702"},{"taxonomy":"post_tag","embeddable":true,"href":"https:\/\/diarioelpopular.com\/index.php\/wp-json\/wp\/v2\/tags?post=492702"}],"curies":[{"name":"wp","href":"https:\/\/api.w.org\/{rel}","templated":true}]}}