{"id":492710,"date":"2020-07-13T21:07:07","date_gmt":"2020-07-14T01:07:07","guid":{"rendered":"https:\/\/diarioelpopular.com\/?p=492710"},"modified":"2020-07-13T21:07:07","modified_gmt":"2020-07-14T01:07:07","slug":"dramatica-situacion-america-latina-y-el-caribe","status":"publish","type":"post","link":"https:\/\/diarioelpopular.com\/index.php\/2020\/07\/13\/dramatica-situacion-america-latina-y-el-caribe\/","title":{"rendered":"Dram\u00e1tica situaci\u00f3n Am\u00e9rica latina y el Caribe"},"content":{"rendered":"<div id=\"attachment_492711\" style=\"width: 310px\" class=\"wp-caption alignnone\"><img loading=\"lazy\" decoding=\"async\" aria-describedby=\"caption-attachment-492711\" class=\"size-medium wp-image-492711\" src=\"https:\/\/diarioelpopular.com\/wp-content\/uploads\/2020\/07\/f3876fcd6044c905b26e650414342e00-300x200.jpg\" alt=\"\" width=\"300\" height=\"200\" \/><p id=\"caption-attachment-492711\" class=\"wp-caption-text\"><em>Hambre, un problema agravado por la pandemia.<\/em><\/p><\/div>\n<h4><em><strong>47,7 millones de personas sufrieron hambre en 2019, informe FAO<\/strong><\/em><\/h4>\n<p>&nbsp;<\/p>\n<p><em><strong>SANTIAGO DE CHILE, 13 JUL &#8211;<\/strong> <\/em>El a\u00f1o pasado 47,7 millones de personas padecieron hambre en Am\u00e9rica Latina y el Caribe, regi\u00f3n que no alcanzar\u00e1 de aqu\u00ed a 2030 el Objetivo de Desarrollo Sostenible (ODS) 2: hambre cero.<br \/>\nLo advierte el Fondo de Naciones Unidas para la Agricultura y Alimentaci\u00f3n (FAO) en el Informe Estado de Seguridad Alimentaria y Nutrici\u00f3n en el mundo 2020 (SOFI por sus siglas en ingl\u00e9s), que se elabora con el Fondo Internacional de Desarrollo Agr\u00edcola (FIDA), la Organizaci\u00f3n Mundial de la Salud (OMS), el Programa Mundial de Alimentos (WFP) y el Fondo de las Naciones Unidas para la Infancia (UNICEF).<br \/>\n&#8220;Las cifras de hambre en el a\u00f1o 2019 son escalofriantes, como tambi\u00e9n lo es el pron\u00f3stico para el a\u00f1o 2030. Con el impacto de la pandemia de la COVID-19 la realidad ser\u00e1 peor que la que proyectamos en este estudio&#8221;, expres\u00f3 el representante regional de FAO, Julio Berdegu\u00e9. &#8220;Necesitamos una respuesta extraordinaria de los gobiernos, del sector privado, la sociedad civil y las organizaciones multilaterales&#8221;, clam\u00f3 e inst\u00f3 a los pa\u00edses y a todos los sectores a tomar medidas a gran escala para enfrentar el alza del hambre, la inseguridad alimentaria, la pobreza y la malnutrici\u00f3n.<br \/>\nLas proyecciones indican que el hambre -estimada por el n\u00famero de personas que no consume las calor\u00edas suficientes para llevar una vida activa y saludable- afectar\u00e1 a casi 67 millones de personas en 2030, es decir, cerca de 20 millones m\u00e1s que en 2019.<br \/>\nEsta estimaci\u00f3n no considera el impacto de la Covid-19, por lo que el hambre ser\u00e1 a\u00fan m\u00e1s acuciante cuando se contabilicen los efectos de la pandemia sobre la seguridad alimentaria.<br \/>\n&#8220;Estamos peor ahora que cuando la regi\u00f3n se comprometi\u00f3 con los Objetivos de Desarrollo Sostenible en 2015. Desde entonces, 9 millones de personas m\u00e1s viven con hambre&#8221;, apunt\u00f3 Berdegu\u00e9. En t\u00e9rminos porcentuales, el hambre afecta actualmente al 7,4% de la poblaci\u00f3n, y se espera que aumente al 9,5% al 2030.<br \/>\nA nivel subregional, se prev\u00e9 un aumento de 3 puntos porcentuales en el hambre en Am\u00e9rica Central para 2030, es decir, 7,9 millones de personas. En Am\u00e9rica del Sur, el hambre aumentar\u00e1 a 7,7%, lo que equivale a casi 36 millones de personas. Aunque el Caribe ha logrado avances, tampoco est\u00e1 en la senda para alcanzar el objetivo de reducci\u00f3n del hambre de los ODS para 2030 y se estima que en 10 a\u00f1os m\u00e1s 6,6 millones de personas vivir\u00e1n con hambre en esa zona.<br \/>\nEl informe alerta adem\u00e1s sobre el aumento de la obesidad tanto en ni\u00f1os como en adultos. El 7,5% de los menores de 5 a\u00f1os en la regi\u00f3n viven con sobrepeso, cifra significativamente mayor que el promedio mundial, de 5,6%.<br \/>\nPero el SOFI llama la atenci\u00f3n sobre un tema altamente preocupante y es que, entre todas las regiones del mundo, Am\u00e9rica Latina y el Caribe es la que registra el costo m\u00e1s alto para comprar una dieta que cubra las necesidades energ\u00e9ticas m\u00ednimas: 1,06 d\u00f3lares por persona al d\u00eda. Esta cifra es un 34% m\u00e1s cara que el promedio global.<br \/>\nTambi\u00e9n es la m\u00e1s costosa para llevar una dieta saludable, es decir una alimentaci\u00f3n que aporte todos los nutrientes esenciales y la energ\u00eda que cada persona necesita para mantenerse sana: 3,98 d\u00f3lares al d\u00eda por persona.<br \/>\nEse valor es 3,3 veces m\u00e1s caro que lo que una persona bajo la l\u00ednea de pobreza podr\u00eda gastar en alimentos. Seg\u00fan los ingresos promedio estimados, m\u00e1s de 104 millones de personas no pueden permitirse una dieta saludable.<br \/>\nObserva tambi\u00e9n el estudio que pese a que Africa es donde se observan los niveles m\u00e1s altos de inseguridad alimentaria total, es en Am\u00e9rica Latina y el Caribe donde la inseguridad alimentaria est\u00e1 aumentando m\u00e1s r\u00e1pidamente: creci\u00f3 del 22,9% en 2014 al 31,7% en 2019, debido a un fuerte aumento en Am\u00e9rica del Sur.<br \/>\nEl 9% de la poblaci\u00f3n regional sufre inseguridad alimentaria grave, es decir, personas que se han quedado sin alimentos y, en el peor de los casos, pasan un d\u00eda o varios d\u00edas sin comer.<br \/>\nAsimismo, casi un tercio de los habitantes de la regi\u00f3n -205 millones de personas- vive en condiciones de inseguridad alimentaria moderada, por la incertidumbre de poder obtener alimentos y se ven obligadas a reducir la cantidad o calidad de los alimentos que consumen.<br \/>\nSeg\u00fan el SOFI, Am\u00e9rica Latina y el Caribe estar\u00e1 muy cerca de alcanzar el objetivo de reducci\u00f3n del retraso en el crecimiento infantil de los Objetivos de Desarrollo Sostenible 2030, falt\u00e1ndole solo un a\u00f1o para cumplir la meta. Sin embargo, advierte que la prevalencia del retraso en el crecimiento que se vive en los hogares m\u00e1s pobres es aproximadamente tres veces mayor en comparaci\u00f3n con los que viven en los hogares m\u00e1s ricos.<br \/>\nAm\u00e9rica Latina y el Caribe es la \u00fanica regi\u00f3n en desarrollo con una prevalencia de emaciaci\u00f3n (ni\u00f1os y ni\u00f1as que tienen bajo peso para su talla) que est\u00e1 por debajo de las metas de la Organizaci\u00f3n Mundial de la Salud y de los ODS: 1,3%.<\/p>\n","protected":false},"excerpt":{"rendered":"<p>47,7 millones de personas sufrieron hambre en 2019, informe FAO &nbsp; SANTIAGO DE CHILE, 13 JUL &#8211; El a\u00f1o pasado 47,7 millones de personas padecieron&hellip;<\/p>\n","protected":false},"author":99,"featured_media":0,"comment_status":"open","ping_status":"open","sticky":false,"template":"","format":"standard","meta":{"footnotes":""},"categories":[23],"tags":[],"class_list":["post-492710","post","type-post","status-publish","format-standard","hentry","category-latinoamerica"],"_links":{"self":[{"href":"https:\/\/diarioelpopular.com\/index.php\/wp-json\/wp\/v2\/posts\/492710","targetHints":{"allow":["GET"]}}],"collection":[{"href":"https:\/\/diarioelpopular.com\/index.php\/wp-json\/wp\/v2\/posts"}],"about":[{"href":"https:\/\/diarioelpopular.com\/index.php\/wp-json\/wp\/v2\/types\/post"}],"author":[{"embeddable":true,"href":"https:\/\/diarioelpopular.com\/index.php\/wp-json\/wp\/v2\/users\/99"}],"replies":[{"embeddable":true,"href":"https:\/\/diarioelpopular.com\/index.php\/wp-json\/wp\/v2\/comments?post=492710"}],"version-history":[{"count":1,"href":"https:\/\/diarioelpopular.com\/index.php\/wp-json\/wp\/v2\/posts\/492710\/revisions"}],"predecessor-version":[{"id":492712,"href":"https:\/\/diarioelpopular.com\/index.php\/wp-json\/wp\/v2\/posts\/492710\/revisions\/492712"}],"wp:attachment":[{"href":"https:\/\/diarioelpopular.com\/index.php\/wp-json\/wp\/v2\/media?parent=492710"}],"wp:term":[{"taxonomy":"category","embeddable":true,"href":"https:\/\/diarioelpopular.com\/index.php\/wp-json\/wp\/v2\/categories?post=492710"},{"taxonomy":"post_tag","embeddable":true,"href":"https:\/\/diarioelpopular.com\/index.php\/wp-json\/wp\/v2\/tags?post=492710"}],"curies":[{"name":"wp","href":"https:\/\/api.w.org\/{rel}","templated":true}]}}