{"id":492745,"date":"2020-07-15T18:57:41","date_gmt":"2020-07-15T22:57:41","guid":{"rendered":"https:\/\/diarioelpopular.com\/?p=492745"},"modified":"2020-07-15T18:57:41","modified_gmt":"2020-07-15T22:57:41","slug":"bolsonaro-da-positivo-en-segundo-test","status":"publish","type":"post","link":"https:\/\/diarioelpopular.com\/index.php\/2020\/07\/15\/bolsonaro-da-positivo-en-segundo-test\/","title":{"rendered":"Bolsonaro da positivo en segundo test"},"content":{"rendered":"<div id=\"attachment_492746\" style=\"width: 310px\" class=\"wp-caption alignnone\"><img loading=\"lazy\" decoding=\"async\" aria-describedby=\"caption-attachment-492746\" class=\"size-medium wp-image-492746\" src=\"https:\/\/diarioelpopular.com\/wp-content\/uploads\/2020\/07\/e604bf8bc9ac80311479b5f37f25ba14-300x200.jpg\" alt=\"\" width=\"300\" height=\"200\" \/><p id=\"caption-attachment-492746\" class=\"wp-caption-text\"><em>Presidente de Brasil, Jair Bolsonaro, da positivo en segundo test.<\/em><\/p><\/div>\n<p><em><strong>BRASILIA, 15 JUL &#8211;<\/strong> <\/em>El presidente brasile\u00f1o, Jair Bolsonaro, dio positivo en su segundo test de coronavirus, y permanece en cuarentena en la residencia oficial, inform\u00f3 la cadena CNN.<br \/>\nEl mandatario cont\u00f3 que se someti\u00f3 al examen este martes, que se encuentra bien y no volvi\u00f3 a tener fiebre desde el 6 de julio, cuando se realiz\u00f3 el primer examen en el Hospital de las Fuerzas Armadas.<br \/>\nAdem\u00e1s el paciente contin\u00faa consumiendo hidroxicloroquina, cont\u00f3 un reportero de CNN que dialog\u00f3 con el gobernante. Por la ma\u00f1ana la Secretar\u00eda de Comunicaciones de la Presidencia hab\u00eda anunciado que el mandatario no se hizo el segundo test y que no se determin\u00f3 cuando lo realizar\u00eda.<br \/>\nEl pasado martes Bolsonaro cont\u00f3 que hab\u00eda dado positivo en la prueba de Covid-19 a la que se hab\u00eda sometido, durante una entrevista con un grupo de periodistas en el Palacio de la Alvorada, en Brasilia.<br \/>\nEl mandatario fue duramente criticado por minimizar la gravedad del coronavirus, al que varias veces calific\u00f3 de &#8220;gripecita&#8221; pese a que la enfermedad hizo estragos en Brasil, el pa\u00eds m\u00e1s afectado despu\u00e9s de Estados Unidos con 1.931.204 casos y 74.133 muertes. (<\/p>\n","protected":false},"excerpt":{"rendered":"<p>BRASILIA, 15 JUL &#8211; El presidente brasile\u00f1o, Jair Bolsonaro, dio positivo en su segundo test de coronavirus, y permanece en cuarentena en la residencia oficial,&hellip;<\/p>\n","protected":false},"author":99,"featured_media":0,"comment_status":"open","ping_status":"open","sticky":false,"template":"","format":"standard","meta":{"footnotes":""},"categories":[23],"tags":[],"class_list":["post-492745","post","type-post","status-publish","format-standard","hentry","category-latinoamerica"],"_links":{"self":[{"href":"https:\/\/diarioelpopular.com\/index.php\/wp-json\/wp\/v2\/posts\/492745","targetHints":{"allow":["GET"]}}],"collection":[{"href":"https:\/\/diarioelpopular.com\/index.php\/wp-json\/wp\/v2\/posts"}],"about":[{"href":"https:\/\/diarioelpopular.com\/index.php\/wp-json\/wp\/v2\/types\/post"}],"author":[{"embeddable":true,"href":"https:\/\/diarioelpopular.com\/index.php\/wp-json\/wp\/v2\/users\/99"}],"replies":[{"embeddable":true,"href":"https:\/\/diarioelpopular.com\/index.php\/wp-json\/wp\/v2\/comments?post=492745"}],"version-history":[{"count":1,"href":"https:\/\/diarioelpopular.com\/index.php\/wp-json\/wp\/v2\/posts\/492745\/revisions"}],"predecessor-version":[{"id":492747,"href":"https:\/\/diarioelpopular.com\/index.php\/wp-json\/wp\/v2\/posts\/492745\/revisions\/492747"}],"wp:attachment":[{"href":"https:\/\/diarioelpopular.com\/index.php\/wp-json\/wp\/v2\/media?parent=492745"}],"wp:term":[{"taxonomy":"category","embeddable":true,"href":"https:\/\/diarioelpopular.com\/index.php\/wp-json\/wp\/v2\/categories?post=492745"},{"taxonomy":"post_tag","embeddable":true,"href":"https:\/\/diarioelpopular.com\/index.php\/wp-json\/wp\/v2\/tags?post=492745"}],"curies":[{"name":"wp","href":"https:\/\/api.w.org\/{rel}","templated":true}]}}