{"id":492748,"date":"2020-07-15T18:59:32","date_gmt":"2020-07-15T22:59:32","guid":{"rendered":"https:\/\/diarioelpopular.com\/?p=492748"},"modified":"2020-07-15T18:59:32","modified_gmt":"2020-07-15T22:59:32","slug":"bolivia-supera-los-50-mil-infectados","status":"publish","type":"post","link":"https:\/\/diarioelpopular.com\/index.php\/2020\/07\/15\/bolivia-supera-los-50-mil-infectados\/","title":{"rendered":"Bolivia supera los 50 mil infectados"},"content":{"rendered":"<div id=\"attachment_492749\" style=\"width: 603px\" class=\"wp-caption alignnone\"><img loading=\"lazy\" decoding=\"async\" aria-describedby=\"caption-attachment-492749\" class=\"size-custom-full-size wp-image-492749\" src=\"https:\/\/diarioelpopular.com\/wp-content\/uploads\/2020\/07\/80c2110ccfa461f9773481b96d149556.jpg\" alt=\"\" width=\"593\" height=\"440\" \/><p id=\"caption-attachment-492749\" class=\"wp-caption-text\"><em>Bolivia superara los 50 mil infectados<\/em><br \/><em>(foto: EPA)<\/em><\/p><\/div>\n<p><em><strong>LA PAZ, 15 JUL &#8211;<\/strong><\/em> El ministerio de SAlud boliviano anunci\u00f3 hoy que con los un mil 617 contagios registrados en las \u00faltimas 24 horas sobre todo el territorio nacional, los casos de coronavirus alcanzaron un total de 50 mil 867.<br \/>\nEl departamento (provincia) que se ubica en el primer lugar por el n\u00famero de casos -se\u00f1al\u00f3 por su parte el portal de noticias Erbol- es aquel de Santa Cruz de la Sierra (26 mil 124), seguido por La Paz (7 mil 402), Beni (4 mil 904) Cochabamba (5 mil 468) y Oruro (1 mil 921).<br \/>\nPor lo que se refiere a los muertos, en la \u00faltima jornada fueron 32, elevando a 1 mil 989 el total desde que se inici\u00f3 la pandemia de Covid-19.<br \/>\nEste es desde hace semanas el centro de acaloradas pol\u00e9micas entre los exponentes del gobierno interino, guiado por la presidenta Jeanine A\u00f1ez, quien habr\u00eda deseado una nueva postergaciones de las elecciones generales fijadas para el 6 de septiembre, y la oposici\u00f3n de izquierda del Movimiento Al Socialismo (MAS) de Evo Morales, que en cambio insiste en votar en la fecha fijada por el Tribunal Supremo Electoral (TAS).<\/p>\n","protected":false},"excerpt":{"rendered":"<p>LA PAZ, 15 JUL &#8211; El ministerio de SAlud boliviano anunci\u00f3 hoy que con los un mil 617 contagios registrados en las \u00faltimas 24 horas&hellip;<\/p>\n","protected":false},"author":99,"featured_media":0,"comment_status":"open","ping_status":"open","sticky":false,"template":"","format":"standard","meta":{"footnotes":""},"categories":[23],"tags":[],"class_list":["post-492748","post","type-post","status-publish","format-standard","hentry","category-latinoamerica"],"_links":{"self":[{"href":"https:\/\/diarioelpopular.com\/index.php\/wp-json\/wp\/v2\/posts\/492748","targetHints":{"allow":["GET"]}}],"collection":[{"href":"https:\/\/diarioelpopular.com\/index.php\/wp-json\/wp\/v2\/posts"}],"about":[{"href":"https:\/\/diarioelpopular.com\/index.php\/wp-json\/wp\/v2\/types\/post"}],"author":[{"embeddable":true,"href":"https:\/\/diarioelpopular.com\/index.php\/wp-json\/wp\/v2\/users\/99"}],"replies":[{"embeddable":true,"href":"https:\/\/diarioelpopular.com\/index.php\/wp-json\/wp\/v2\/comments?post=492748"}],"version-history":[{"count":1,"href":"https:\/\/diarioelpopular.com\/index.php\/wp-json\/wp\/v2\/posts\/492748\/revisions"}],"predecessor-version":[{"id":492750,"href":"https:\/\/diarioelpopular.com\/index.php\/wp-json\/wp\/v2\/posts\/492748\/revisions\/492750"}],"wp:attachment":[{"href":"https:\/\/diarioelpopular.com\/index.php\/wp-json\/wp\/v2\/media?parent=492748"}],"wp:term":[{"taxonomy":"category","embeddable":true,"href":"https:\/\/diarioelpopular.com\/index.php\/wp-json\/wp\/v2\/categories?post=492748"},{"taxonomy":"post_tag","embeddable":true,"href":"https:\/\/diarioelpopular.com\/index.php\/wp-json\/wp\/v2\/tags?post=492748"}],"curies":[{"name":"wp","href":"https:\/\/api.w.org\/{rel}","templated":true}]}}