{"id":492751,"date":"2020-07-15T19:01:33","date_gmt":"2020-07-15T23:01:33","guid":{"rendered":"https:\/\/diarioelpopular.com\/?p=492751"},"modified":"2020-07-15T19:01:33","modified_gmt":"2020-07-15T23:01:33","slug":"violenta-noche-en-chile-saqueos-e-incendios","status":"publish","type":"post","link":"https:\/\/diarioelpopular.com\/index.php\/2020\/07\/15\/violenta-noche-en-chile-saqueos-e-incendios\/","title":{"rendered":"Violenta noche en Chile, saqueos e incendios"},"content":{"rendered":"<div id=\"attachment_492752\" style=\"width: 310px\" class=\"wp-caption alignnone\"><img loading=\"lazy\" decoding=\"async\" aria-describedby=\"caption-attachment-492752\" class=\"size-medium wp-image-492752\" src=\"https:\/\/diarioelpopular.com\/wp-content\/uploads\/2020\/07\/dc66d09736ce4425069b7fe601be4f04-300x200.jpg\" alt=\"\" width=\"300\" height=\"200\" \/><p id=\"caption-attachment-492752\" class=\"wp-caption-text\"><em>Protestas en Chile<\/em><br \/><em>(foto: ANSA)<\/em><\/p><\/div>\n<h4><em><strong>Antesala votaci\u00f3n en Congreso por retiro 10% fondos de pensiones<\/strong><\/em><\/h4>\n<p>&nbsp;<\/p>\n<p><em><strong>SANTIAGO DE CHILE, 15 JUL &#8211;<\/strong> <\/em>Una violenta jornada se vivi\u00f3 anoche en Chile, a solo horas de la votaci\u00f3n en el Congreso sobre el proyecto de ley que permite retirar el 10% del fondo de pensiones de capitalizaci\u00f3n individual AFP.<br \/>\nLuego del plan de apoyo que dio a conocer el presidente Sebasti\u00e1n Pi\u00f1era de un bono equivalente de 630 d\u00f3lares para lograr revertir el apoyo a la iniciativa legal en el Parlamento, a las 21 horas locales comenzaron a sonar las cacerolas en todo el pa\u00eds en apoyo a poder disponer de sus ahorros previsionales.<br \/>\nEn distintos puntos de la capital empez\u00f3 la gente a salir a la calle y encender barricadas que luego derivaron en saqueos a supermercados, incendio a una automotora con 16 veh\u00edculos totalmente siniestrados, quema de un bus del TranSantiago y ataques a retenes de Carabineros.<br \/>\nLos hechos se produjeron en medio de la cuarentena y bajo toque de queda.<br \/>\nCarabineros resumi\u00f3 que se produjeron m\u00e1s de 60 delitos, que afectaron bienes p\u00fablicos y privados.<br \/>\nEl general Ricardo Y\u00e1\u00f1ez, director de Orden y Seguridad de Carabineros, inform\u00f3 que los hechos m\u00e1s graves fueron el atentado a la automotora en Estaci\u00f3n Central, un ataque incendiario a la construcci\u00f3n de una estaci\u00f3n de Metro en El Bosque, el ataque a un bus en Transantiago y otro a un bus interprovincial en San Felipe, a 100 kil\u00f3metros de Santiago.<br \/>\nDetall\u00f3 que hubo 28 incidentes con barricadas, 13 saqueos, 9 des\u00f3rdenes de consideraci\u00f3n, 2 ataques a comisar\u00edas considerados de importancia y otros 3 con algunos da\u00f1os.<br \/>\nLos disturbios dejaron 61 detenidos a nivel nacional, 54 de ellos en la regi\u00f3n Metropolitana. En el desglose, 34 fueron aprehendidos por saqueos, 15 por barricadas, 7 por des\u00f3rdenes graves, 4 por da\u00f1os y uno por ataque a cuartel policial.<br \/>\nEl uniformado asegur\u00f3 que la instituci\u00f3n est\u00e1 preparada en caso que esta noche se repitan los incidentes si es que el proyecto es rechazado.<br \/>\nY\u00e1\u00f1ez se\u00f1al\u00f3 que habr\u00e1 &#8220;despliegues en base a la inteligencia policial&#8221; como tambi\u00e9n respecto a hechos ocurridos anteriormente.<br \/>\nEl gobierno llam\u00f3 a todos los actores pol\u00edticos a condenar esta violencia y se\u00f1al\u00f3 que &#8220;quien no la condene se va a hacer c\u00f3mplice&#8221;. El ministro del Interior, Gonzalo Blumel, pidi\u00f3 a la Fiscal\u00eda &#8220;act\u00fae con la m\u00e1xima severidad&#8221;, respecto a los 61 detenidos aseverando que &#8220;no hay ninguna raz\u00f3n que justifique esta violencia&#8221;.<br \/>\n&#8220;Lo de anoche tiene que ser un punto de inflexi\u00f3n. Quiero llamar a todos los sectores y a todos los actores a rechazar de plano la violencia que vimos anoche. Ninguna discusi\u00f3n democr\u00e1tica, ninguna causa, ninguna propuesta puede nunca justificar los hechos de violencia como los que se manifestaron anoche en la Regi\u00f3n Metropolitana y en algunas regiones del pa\u00eds&#8221;, enfatiz\u00f3.<\/p>\n","protected":false},"excerpt":{"rendered":"<p>Antesala votaci\u00f3n en Congreso por retiro 10% fondos de pensiones &nbsp; SANTIAGO DE CHILE, 15 JUL &#8211; Una violenta jornada se vivi\u00f3 anoche en Chile,&hellip;<\/p>\n","protected":false},"author":99,"featured_media":0,"comment_status":"open","ping_status":"open","sticky":false,"template":"","format":"standard","meta":{"footnotes":""},"categories":[23],"tags":[],"class_list":["post-492751","post","type-post","status-publish","format-standard","hentry","category-latinoamerica"],"_links":{"self":[{"href":"https:\/\/diarioelpopular.com\/index.php\/wp-json\/wp\/v2\/posts\/492751","targetHints":{"allow":["GET"]}}],"collection":[{"href":"https:\/\/diarioelpopular.com\/index.php\/wp-json\/wp\/v2\/posts"}],"about":[{"href":"https:\/\/diarioelpopular.com\/index.php\/wp-json\/wp\/v2\/types\/post"}],"author":[{"embeddable":true,"href":"https:\/\/diarioelpopular.com\/index.php\/wp-json\/wp\/v2\/users\/99"}],"replies":[{"embeddable":true,"href":"https:\/\/diarioelpopular.com\/index.php\/wp-json\/wp\/v2\/comments?post=492751"}],"version-history":[{"count":1,"href":"https:\/\/diarioelpopular.com\/index.php\/wp-json\/wp\/v2\/posts\/492751\/revisions"}],"predecessor-version":[{"id":492753,"href":"https:\/\/diarioelpopular.com\/index.php\/wp-json\/wp\/v2\/posts\/492751\/revisions\/492753"}],"wp:attachment":[{"href":"https:\/\/diarioelpopular.com\/index.php\/wp-json\/wp\/v2\/media?parent=492751"}],"wp:term":[{"taxonomy":"category","embeddable":true,"href":"https:\/\/diarioelpopular.com\/index.php\/wp-json\/wp\/v2\/categories?post=492751"},{"taxonomy":"post_tag","embeddable":true,"href":"https:\/\/diarioelpopular.com\/index.php\/wp-json\/wp\/v2\/tags?post=492751"}],"curies":[{"name":"wp","href":"https:\/\/api.w.org\/{rel}","templated":true}]}}