{"id":492755,"date":"2020-07-16T10:28:52","date_gmt":"2020-07-16T14:28:52","guid":{"rendered":"https:\/\/diarioelpopular.com\/?p=492755"},"modified":"2020-07-16T10:28:52","modified_gmt":"2020-07-16T14:28:52","slug":"argentina-record-de-muertos-y-contagios-en-24h","status":"publish","type":"post","link":"https:\/\/diarioelpopular.com\/index.php\/2020\/07\/16\/argentina-record-de-muertos-y-contagios-en-24h\/","title":{"rendered":"Argentina, r\u00e9cord de muertos y contagios en 24h"},"content":{"rendered":"<div id=\"attachment_492756\" style=\"width: 310px\" class=\"wp-caption alignnone\"><img loading=\"lazy\" decoding=\"async\" aria-describedby=\"caption-attachment-492756\" class=\"size-medium wp-image-492756\" src=\"https:\/\/diarioelpopular.com\/wp-content\/uploads\/2020\/07\/364c4559a6a69cd22df4cfdaad0cdcac-1-300x200.jpg\" alt=\"\" width=\"300\" height=\"200\" \/><p id=\"caption-attachment-492756\" class=\"wp-caption-text\"><em>R\u00e9cord de infectados por Coronavirus en Argentina.<\/em><\/p><\/div>\n<p><em><strong>BUENOS AIRES, 16 JUL &#8211;<\/strong><\/em> Argentina registr\u00f3 este mi\u00e9rcoles un record de muertos y de contagios, pese a la estricta cuarentena implementada por el gobierno de Alberto Fern\u00e1ndez, tras reportarse 82 nuevas muertes y 4 mil 260 nuevos casos en las \u00faltimas 24 horas.<br \/>\nCon estas cifras, el n\u00famero total de decesos se eleva a 2 mil 050 desde el inicio de la pandemia en el pa\u00eds, y el de los infectados subi\u00f3 a 111 mil 160.<br \/>\nSeg\u00fan el ministerio de Salud argentino, el n\u00famero de pacientes recuperados lleg\u00f3 a 47.298, mientras que 57.625 est\u00e1n con la infecci\u00f3n en curso.<br \/>\nEl pasado domingo Argentina super\u00f3 la barrera de los 100.000 contagios pero sigue estando por debajo de Colombia, Per\u00fa, Chile y Brasil, los pa\u00edses de la regi\u00f3n que m\u00e1s han sufrido el impacto del Covid-19.<br \/>\nDel total de los casos confirmados en las \u00faltimas 24 horas, 2.374 son de la provincia de Buenos Aires, 1.220 de la Ciudad Aut\u00f3noma de Buenos Aires, 77 del Chaco, 50 de Jujuy, 35 de Neuqu\u00e9n, 29 de Mendoza, 28 de R\u00edo Negro, 23 de Santa Fe, 17 de C\u00f3rdoba, 9 de Entre R\u00edos y 9 de Santa Cruz.<br \/>\nA estos se suman 5 casos en Chubut, 5 en San Juan, 3 en La Rioja, 2 en Salta, 2 en Catamarca, 1 en Tucum\u00e1n y 1 en La Pampa.<br \/>\nDe todos los infectados, 1.085 (1%) son importados, 36.398 (32,7%) son contactos estrechos de casos confirmados, 55.836 (50,2%) son casos de circulaci\u00f3n comunitaria y el resto se encuentra en investigaci\u00f3n epidemiol\u00f3gica.<br \/>\nLa datos dados a conocer se difundieron durante la reuni\u00f3n entre Alberto Fern\u00e1ndez, Horacio Rodr\u00edguez Larreta y Axel Kicillof para definir la pr\u00f3xima fase de la cuarentena en el \u00c1rea Metropolitana de Buenos Aires (AMBA).<br \/>\nSeg\u00fan la Secretaria de Acceso a la Salud, Carla Vizzoti, el pasado martes se tomaron 11.266 nuevas muestras de hisopados y confirm\u00f3 que &#8220;desde el inicio del brote se realizaron 495.065 pruebas diagn\u00f3sticas para esta enfermedad, lo que equivale a 10.910 muestras por mill\u00f3n de habitantes&#8221;.<\/p>\n","protected":false},"excerpt":{"rendered":"<p>BUENOS AIRES, 16 JUL &#8211; Argentina registr\u00f3 este mi\u00e9rcoles un record de muertos y de contagios, pese a la estricta cuarentena implementada por el gobierno&hellip;<\/p>\n","protected":false},"author":99,"featured_media":0,"comment_status":"open","ping_status":"open","sticky":false,"template":"","format":"standard","meta":{"footnotes":""},"categories":[23],"tags":[],"class_list":["post-492755","post","type-post","status-publish","format-standard","hentry","category-latinoamerica"],"_links":{"self":[{"href":"https:\/\/diarioelpopular.com\/index.php\/wp-json\/wp\/v2\/posts\/492755","targetHints":{"allow":["GET"]}}],"collection":[{"href":"https:\/\/diarioelpopular.com\/index.php\/wp-json\/wp\/v2\/posts"}],"about":[{"href":"https:\/\/diarioelpopular.com\/index.php\/wp-json\/wp\/v2\/types\/post"}],"author":[{"embeddable":true,"href":"https:\/\/diarioelpopular.com\/index.php\/wp-json\/wp\/v2\/users\/99"}],"replies":[{"embeddable":true,"href":"https:\/\/diarioelpopular.com\/index.php\/wp-json\/wp\/v2\/comments?post=492755"}],"version-history":[{"count":1,"href":"https:\/\/diarioelpopular.com\/index.php\/wp-json\/wp\/v2\/posts\/492755\/revisions"}],"predecessor-version":[{"id":492757,"href":"https:\/\/diarioelpopular.com\/index.php\/wp-json\/wp\/v2\/posts\/492755\/revisions\/492757"}],"wp:attachment":[{"href":"https:\/\/diarioelpopular.com\/index.php\/wp-json\/wp\/v2\/media?parent=492755"}],"wp:term":[{"taxonomy":"category","embeddable":true,"href":"https:\/\/diarioelpopular.com\/index.php\/wp-json\/wp\/v2\/categories?post=492755"},{"taxonomy":"post_tag","embeddable":true,"href":"https:\/\/diarioelpopular.com\/index.php\/wp-json\/wp\/v2\/tags?post=492755"}],"curies":[{"name":"wp","href":"https:\/\/api.w.org\/{rel}","templated":true}]}}