{"id":492764,"date":"2020-07-16T10:34:48","date_gmt":"2020-07-16T14:34:48","guid":{"rendered":"https:\/\/diarioelpopular.com\/?p=492764"},"modified":"2020-07-16T10:34:48","modified_gmt":"2020-07-16T14:34:48","slug":"nuestras-continuas-malas-practicas","status":"publish","type":"post","link":"https:\/\/diarioelpopular.com\/index.php\/2020\/07\/16\/nuestras-continuas-malas-practicas\/","title":{"rendered":"NUESTRAS CONTINUAS MALAS PR\u00c1CTICAS"},"content":{"rendered":"<p><strong><em>\u201cLa obsesi\u00f3n por un estilo de vida consumista nos ha devorado el coraz\u00f3n\u201d<\/em><\/strong><\/p>\n<p><strong><em>\u00a0<\/em><\/strong><\/p>\n<p><strong><em>=============================<\/em><\/strong><\/p>\n<p><strong><em>V\u00edctor CORCOBA HERRERO\/ Escritor<\/em><\/strong><\/p>\n<p><strong><em>corcoba@telefonica.net\u00a0\u00a0\u00a0\u00a0\u00a0\u00a0\u00a0\u00a0\u00a0\u00a0\u00a0\u00a0\u00a0\u00a0\u00a0\u00a0\u00a0\u00a0\u00a0\u00a0\u00a0\u00a0\u00a0\u00a0\u00a0\u00a0 <\/em><\/strong><\/p>\n<p><strong>=============================<\/strong><\/p>\n<p>&nbsp;<\/p>\n<p><strong>\u00a0\u00a0\u00a0\u00a0\u00a0\u00a0\u00a0\u00a0\u00a0\u00a0\u00a0\u00a0\u00a0\u00a0\u00a0\u00a0\u00a0 <\/strong>Todo depende de todo, hasta nuestra propia energ\u00eda est\u00e1 en manos de la salud del planeta; por cierto, bastante aquejado de nuestro modo de actuar. Lo nefasto es que a\u00fan no enmendemos la locura que nos demuele. Proseguimos destruyendo la diversidad biol\u00f3gica, echando abajo los bosques naturales, contaminando las aguas, el suelo y el aire, arruinando zonas h\u00famedas, despu\u00e9s de tantos a\u00f1os advirti\u00e9ndonoslo la propia naturaleza a trav\u00e9s del cambio clim\u00e1tico. Este proceder, es un signo de inhumanidad y de p\u00e9rdida del sentido responsable por el entorno y por nuestros an\u00e1logos sobre el cual se funda toda sociedad civil. El ego\u00edsmo humano nos desborda, nuestra casa com\u00fan nos pide ayuda, y nos hacemos los sordos. La necedad y el inter\u00e9s nos han vuelto irracionales. Realmente, causa pavor observar en algunos dirigentes la aberraci\u00f3n m\u00e1s arcaica, revestida de gestos violentos, que nos dejan sin palabras. Siembran continuamente enga\u00f1os y se quedan tan impasibles como una piedra en el camino. As\u00ed se conjuga, una vez m\u00e1s, la p\u00e9rdida del sentido de la convivencia a vivir y dejar vivir. Mal que nos pese esta es la triste realidad, que no es otra que una compleja crisis socio-humana-ambiental. La obsesi\u00f3n por un estilo de vida consumista nos ha devorado el coraz\u00f3n. Desde luego, hemos de apostar por otra continuidad viviente, tal vez la de un morar m\u00e1s en el verso y en la de un desvivirse por vivir haciendo familia.<\/p>\n<p>&nbsp;<\/p>\n<p>En consecuencia, tenemos que despertar y salir de esta jaula de dominadores corruptos. No hay desarrollo con exclusi\u00f3n, ni esp\u00edritu democr\u00e1tico sin libertades; y, mucho menos a\u00fan, justicia con ausencia de equidad. De lo contrario, retrocederemos en el andar y nuestra obligaci\u00f3n es ir siempre hacia adelante. Cada cual tiene el deber y tambi\u00e9n el derecho de hacer la solidaria contribuci\u00f3n de su paso por la tierra. Nuestro referente est\u00e1 en aquellos progenitores que dedicaron sus vidas a enderezar caminos, con sus buenas pr\u00e1cticas al servicio de la humanidad. Nadie puede vivir arm\u00f3nicamente, mientras cohabite en nosotros la pasividad ante la injusticia de un mundo tan desigual. No olvidemos que el futuro de la humanidad depende del encuentro entre las gentes, al menos para desenmascarar y rechazar esos poderes mundanos convertidos en el mayor negocio, en lugar de ser servidores y justos gu\u00edas. Toda la sociedad, y de manera especial los gobiernos de los Estados, tienen la obligaci\u00f3n de propiciar los caminos del di\u00e1logo, donde todas las voces cuenten lo mismo, y as\u00ed podamos salir de la espiral autodestructiva en la que nos estamos ahogando.<\/p>\n<p>&nbsp;<\/p>\n<p>Por consiguiente, hay que tomar otras pr\u00e1cticas, cuando menos m\u00e1s justas y humanas. Nos merecemos un cambio de mentalidad y de modos de obrar, un peque\u00f1o esfuerzo de todos trabajando juntos por hacernos respetar, ante el actual modelo de avance que privilegia a unos pocos y elimina a otros. Este ambiente humano, injusto a m\u00e1s no poder; as\u00ed como el ambiente natural degradado como jam\u00e1s, requiere con urgencia otros est\u00edmulos, en los que prevalezca el bien colectivo y el equilibrio originario, que es lo que verdaderamente nos armoniza. Creo que debemos ocuparnos y preocuparnos mucho m\u00e1s por defender la igual dignidad entre los seres humanos. Todo est\u00e1 conectado. Y no es de recibo que algunos ciudadanos no tengan posibilidades reales de superaci\u00f3n, mientras otros como si realmente hubieran nacido con mayores derechos, ni siquiera saben qu\u00e9 hacer con lo que tienen.<\/p>\n<p>&nbsp;<\/p>\n<p>Lo suyo es tender hacia una universalidad que nos aglutine a toda la especie hacia otras pr\u00e1cticas, y la direcci\u00f3n adecuada ser\u00e1 que se invierta en salud, con especial hincapi\u00e9 en la capacidad de los seres humanos para adaptarse positivamente a las situaciones adversas, en educaci\u00f3n, en protecci\u00f3n social y servicios b\u00e1sicos como agua potable y saneamiento. Sea como fuere, la humanidad no puede sobrevivir descartando, deshumaniz\u00e1ndose y degradando su propio h\u00e1bitat, ha de tomar otro esp\u00edritu m\u00e1s veraz y responsable, de actuaci\u00f3n siempre conjunta y con la consideraci\u00f3n a todos los pueblos y a toda la vida del planeta. Acaso, sea saludable un mayor hacer de las culturas para reconstruir ese mundo cooperante, m\u00e1xime en un momento de tantas dificultades con la pandemia del coronavirus, con la p\u00e9rdida de millones de empleos, que se traducen en la mayor ca\u00edda de los ingresos per c\u00e1pita desde 1870. En todo caso, de continuar con las malas pr\u00e1cticas del instinto avasallador, con la perdida de toda \u00e9tica, va a ser dif\u00edcil utilizar lo conseguido hasta ahora con acierto, probablemente porque el inmenso crecimiento de estos a\u00f1os anteriores no estuvo acompa\u00f1ado de un avance de la ciudadan\u00eda en sensatez, valores y conciencia.<\/p>\n<p><strong>\u00a0<\/strong><\/p>\n<p><strong>\u00a0<\/strong><\/p>\n<p><strong>V\u00edctor CORCOBA HERRERO \/ Escritor<\/strong><\/p>\n<p><strong><a href=\"mailto:corcoba@telefonica.net\">corcoba@telefonica.net<\/a><\/strong><\/p>\n<p><strong>16 de julio de 2020.-<\/strong><\/p>\n","protected":false},"excerpt":{"rendered":"<p>\u201cLa obsesi\u00f3n por un estilo de vida consumista nos ha devorado el coraz\u00f3n\u201d \u00a0 ============================= V\u00edctor CORCOBA HERRERO\/ Escritor corcoba@telefonica.net\u00a0\u00a0\u00a0\u00a0\u00a0\u00a0\u00a0\u00a0\u00a0\u00a0\u00a0\u00a0\u00a0\u00a0\u00a0\u00a0\u00a0\u00a0\u00a0\u00a0\u00a0\u00a0\u00a0\u00a0\u00a0\u00a0 ============================= &nbsp; \u00a0\u00a0\u00a0\u00a0\u00a0\u00a0\u00a0\u00a0\u00a0\u00a0\u00a0\u00a0\u00a0\u00a0\u00a0\u00a0\u00a0 Todo depende&hellip;<\/p>\n","protected":false},"author":99,"featured_media":0,"comment_status":"open","ping_status":"open","sticky":false,"template":"","format":"standard","meta":{"footnotes":""},"categories":[11353,81],"tags":[],"class_list":["post-492764","post","type-post","status-publish","format-standard","hentry","category-algo-mas-que-palabras","category-columnistas"],"_links":{"self":[{"href":"https:\/\/diarioelpopular.com\/index.php\/wp-json\/wp\/v2\/posts\/492764","targetHints":{"allow":["GET"]}}],"collection":[{"href":"https:\/\/diarioelpopular.com\/index.php\/wp-json\/wp\/v2\/posts"}],"about":[{"href":"https:\/\/diarioelpopular.com\/index.php\/wp-json\/wp\/v2\/types\/post"}],"author":[{"embeddable":true,"href":"https:\/\/diarioelpopular.com\/index.php\/wp-json\/wp\/v2\/users\/99"}],"replies":[{"embeddable":true,"href":"https:\/\/diarioelpopular.com\/index.php\/wp-json\/wp\/v2\/comments?post=492764"}],"version-history":[{"count":1,"href":"https:\/\/diarioelpopular.com\/index.php\/wp-json\/wp\/v2\/posts\/492764\/revisions"}],"predecessor-version":[{"id":492765,"href":"https:\/\/diarioelpopular.com\/index.php\/wp-json\/wp\/v2\/posts\/492764\/revisions\/492765"}],"wp:attachment":[{"href":"https:\/\/diarioelpopular.com\/index.php\/wp-json\/wp\/v2\/media?parent=492764"}],"wp:term":[{"taxonomy":"category","embeddable":true,"href":"https:\/\/diarioelpopular.com\/index.php\/wp-json\/wp\/v2\/categories?post=492764"},{"taxonomy":"post_tag","embeddable":true,"href":"https:\/\/diarioelpopular.com\/index.php\/wp-json\/wp\/v2\/tags?post=492764"}],"curies":[{"name":"wp","href":"https:\/\/api.w.org\/{rel}","templated":true}]}}