{"id":492773,"date":"2020-07-16T21:12:38","date_gmt":"2020-07-17T01:12:38","guid":{"rendered":"https:\/\/diarioelpopular.com\/?p=492773"},"modified":"2020-07-16T21:12:38","modified_gmt":"2020-07-17T01:12:38","slug":"mas-de-2-millones-de-infectados-en-brasil","status":"publish","type":"post","link":"https:\/\/diarioelpopular.com\/index.php\/2020\/07\/16\/mas-de-2-millones-de-infectados-en-brasil\/","title":{"rendered":"M\u00e1s de 2 millones de infectados en Brasil"},"content":{"rendered":"<div id=\"attachment_492774\" style=\"width: 310px\" class=\"wp-caption alignnone\"><img loading=\"lazy\" decoding=\"async\" aria-describedby=\"caption-attachment-492774\" class=\"size-medium wp-image-492774\" src=\"https:\/\/diarioelpopular.com\/wp-content\/uploads\/2020\/07\/9a814cd34bb1124065fa6c0be4eb04ce-300x200.jpg\" alt=\"\" width=\"300\" height=\"200\" \/><p id=\"caption-attachment-492774\" class=\"wp-caption-text\"><em>El coronavirus domina todo. Impactante mural en San Pablo (foto: ANSA)<\/em><\/p><\/div>\n<h4><em><strong>Bolsonaro puede ser denunciado ante la Corte Penal Internacional<\/strong><\/em><\/h4>\n<p>&nbsp;<\/p>\n<p><em><strong>BRASILIA, 16 JUL &#8211;<\/strong> <\/em>Brasil super\u00f3 hoy la barrera de los 2 millones de infectados con SARS-CoV-2, mientras el presidente Jair Bolsonaro, que contrajo la dolencia, fue advertido de que podr\u00eda ser objeto de un proceso en el Tribunal Penal Internacional por su pol\u00edtica sanitaria.<br \/>\nEl ministerio de Salud inform\u00f3, alrededor de las 18.30 horas (21.30 GMT), que en las \u00faltimas 24 horas se registraron 45.403 contaminados con el Covid-19, y la cifra total ascendi\u00f3 a 2.012.151 pacientes. El reporte incluy\u00f3 el fallecimiento de 1.322 personas, contabilizadas entre mi\u00e9rcoles y jueves, con lo cual ya son 76.688 las v\u00edctimas fatales. Los estados m\u00e1s afectados son San Pablo y R\u00edo de Janeiro donde avanzan las medidas que reducen gradualmente la cuarentena, al igual que en Brasilia, donde desde el mi\u00e9rcoles fueron reabiertos bares y restaurantes.<br \/>\nEn San Pablo ya se registraron 402.048 infectados por el coronavirus y 19.038 v\u00edctimas fatales.<br \/>\nSi bien hubo un relativo estancamiento en las cifras de la pandemia en la ciudad de San Pablo, capital m\u00e1s populosa del pa\u00eds, esta tendencia no se observ\u00f3 en el interior del estado donde los n\u00fameros siguen en alta. Brasil se afirma como el segundo pa\u00eds con m\u00e1s altos n\u00fameros de contaminados y muertos, detr\u00e1s de Estados Unidos, siendo uno de los epicentros mundiales de la pandemia, seg\u00fan la Organizaci\u00f3n Mundial de la Salud (OMS).<br \/>\nLos n\u00fameros de hoy fueron previstos la semana pasada en un informe de la Facultad de Ribeirao Preto de la Universidad de San Pablo.<br \/>\nEl matem\u00e1tico, Eduardo Massad, considera que ante la falta de pol\u00edticas de aislamiento y el posible reinicio de las clases, Brasil pude caminar hacia un &#8220;genocidio&#8221;.<br \/>\nTambi\u00e9n el juez Gilmar Mendes, del Supremo Tribunal Federal, habl\u00f3 de genocidio la semana pasada destando una pol\u00e9mica con miembros del gobierno del presidente Jair Bolsonaro.<br \/>\nEl influyente juez , que se encuentra en Europa , habl\u00f3 por tel\u00e9fono con Bolsonaro el lunes pasado cuando lo &#8220;alert\u00f3 del riesgo de que la gesti\u00f3n de la pandemia llegue al Tribunal Penal Internacional&#8221;, public\u00f3 este jueves el diario Folha de San Pablo.<br \/>\nLa advertencia formulada por Mendes se sustenta en los hechos ya que el mes pasado el Tribunal Penal anunci\u00f3 que comenz\u00f3 a analizar una denuncia contra Bolsonaro presentada por el Partido Democr\u00e1tico Trabalhista (PDT), del excandidato presidencial Ciro Gomes. El sitio especializado en asuntos jur\u00eddicos, Conjur, explic\u00f3 que el inicio del an\u00e1lisis de la denuncia no significa que Bolsonaro ya sea formalmente investigado por el Tribunal Penal con sede en La Haya, Holanda.<br \/>\nEl juez Mendes telefone\u00f3 a Bolsonaro en el contexto de una pol\u00e9mica sobre la gesti\u00f3n del general, Eduardo Pazuello, al frente del ministerio de Salud.<br \/>\nMendes se expres\u00f3 de manera cr\u00edtica sobre el general Pazuello a quien le enrostr\u00f3 no estar capacitado para comandar el ministerio.<br \/>\nPazuello es el tercer ministro de Salud en lo que va de la administraci\u00f3n Bolsonaro, iniciada en enero de 2019.<br \/>\nPazuello asumi\u00f3 como jefe de Salud hace 61 d\u00edas, tras suceder al m\u00e9dico Nelson Teich, que dur\u00f3 menos de un mes en el puesto.<br \/>\nTeich , por su parte, asumi\u00f3 en reemplazo de tambi\u00e9n m\u00e9dico, Luiz Henrique Mandetta, quien se fue del gobierno expresando abiertas discrepancias con Bolsonaro respecto de la cuarentena y la prescripci\u00f3n de la cloroquina.<br \/>\nEl presidente Bolsonaro se opone a varias medidas recomendadas por la OMS, como el aislamiento social y el suo de tapabocas.<br \/>\nPor otra parte el exministro Mandetta acus\u00f3 al actual ministro Pazuello que intentar &#8220;maquillar los n\u00fameros&#8221; de la pandemia para disimular la gravedad de la crisis. Con esa forma de gestionar la crisis el presidente y el ministro &#8220;acabaron con la credibilidad&#8221; de esa cartera de gobierno, dispar\u00f3 Mandetta.<br \/>\nEn esa misma l\u00ednea de argumentaci\u00f3n el juez Gilmar Mendes coment\u00f3 estar sorprendido por la mala imagen internacional del gobierno brasile\u00f1o, especialmente debido a las posiciones adoptadas por Bolsonaro frente a la pandemia, escribi\u00f3 hoy Folha.<\/p>\n","protected":false},"excerpt":{"rendered":"<p>Bolsonaro puede ser denunciado ante la Corte Penal Internacional &nbsp; BRASILIA, 16 JUL &#8211; Brasil super\u00f3 hoy la barrera de los 2 millones de infectados&hellip;<\/p>\n","protected":false},"author":99,"featured_media":0,"comment_status":"open","ping_status":"open","sticky":false,"template":"","format":"standard","meta":{"footnotes":""},"categories":[23],"tags":[],"class_list":["post-492773","post","type-post","status-publish","format-standard","hentry","category-latinoamerica"],"_links":{"self":[{"href":"https:\/\/diarioelpopular.com\/index.php\/wp-json\/wp\/v2\/posts\/492773","targetHints":{"allow":["GET"]}}],"collection":[{"href":"https:\/\/diarioelpopular.com\/index.php\/wp-json\/wp\/v2\/posts"}],"about":[{"href":"https:\/\/diarioelpopular.com\/index.php\/wp-json\/wp\/v2\/types\/post"}],"author":[{"embeddable":true,"href":"https:\/\/diarioelpopular.com\/index.php\/wp-json\/wp\/v2\/users\/99"}],"replies":[{"embeddable":true,"href":"https:\/\/diarioelpopular.com\/index.php\/wp-json\/wp\/v2\/comments?post=492773"}],"version-history":[{"count":1,"href":"https:\/\/diarioelpopular.com\/index.php\/wp-json\/wp\/v2\/posts\/492773\/revisions"}],"predecessor-version":[{"id":492775,"href":"https:\/\/diarioelpopular.com\/index.php\/wp-json\/wp\/v2\/posts\/492773\/revisions\/492775"}],"wp:attachment":[{"href":"https:\/\/diarioelpopular.com\/index.php\/wp-json\/wp\/v2\/media?parent=492773"}],"wp:term":[{"taxonomy":"category","embeddable":true,"href":"https:\/\/diarioelpopular.com\/index.php\/wp-json\/wp\/v2\/categories?post=492773"},{"taxonomy":"post_tag","embeddable":true,"href":"https:\/\/diarioelpopular.com\/index.php\/wp-json\/wp\/v2\/tags?post=492773"}],"curies":[{"name":"wp","href":"https:\/\/api.w.org\/{rel}","templated":true}]}}