{"id":492779,"date":"2020-07-16T21:18:08","date_gmt":"2020-07-17T01:18:08","guid":{"rendered":"https:\/\/diarioelpopular.com\/?p=492779"},"modified":"2020-07-16T21:18:08","modified_gmt":"2020-07-17T01:18:08","slug":"peru-excluye-nuevo-confinamiento","status":"publish","type":"post","link":"https:\/\/diarioelpopular.com\/index.php\/2020\/07\/16\/peru-excluye-nuevo-confinamiento\/","title":{"rendered":"Per\u00fa excluye nuevo confinamiento"},"content":{"rendered":"<div id=\"attachment_492780\" style=\"width: 310px\" class=\"wp-caption alignnone\"><img loading=\"lazy\" decoding=\"async\" aria-describedby=\"caption-attachment-492780\" class=\"size-medium wp-image-492780\" src=\"https:\/\/diarioelpopular.com\/wp-content\/uploads\/2020\/07\/b9e97b0b84527fd7cc8387fd8a7cd5ef-300x200.jpg\" alt=\"\" width=\"300\" height=\"200\" \/><p id=\"caption-attachment-492780\" class=\"wp-caption-text\"><em>Presidente de Per\u00fa, Mart\u00edn Vizcarra.<\/em><\/p><\/div>\n<h4><em><strong>&#8220;No estamos en la situaci\u00f3n de retornar a la cuarentena&#8221;<\/strong><\/em><\/h4>\n<p>&nbsp;<\/p>\n<p><em><strong>LIMA, 16 JUL &#8211;<\/strong> <\/em>El presidente de Per\u00fa, Mart\u00edn Vizcarra, dijo hoy &#8220;no ver&#8221; la necesidad de decretar un nuevo confinamiento por el coronavirus en el pa\u00eds, pese al n\u00famero de contagios y muertos causado por la pandemia que contin\u00faa aumentando.<br \/>\n&#8220;Estamos en una situaci\u00f3n tal que el compromiso permanente de la poblaci\u00f3n ahora, no en el futuro, es suficiente&#8221;, dijo en una entrevista con la Radio Americana de Moquegua, citada por los medios peruanos.<br \/>\n&#8220;No veo, en base a las estad\u00edsticas y a las informaciones cient\u00edficas que recibo, que estemos en una situaci\u00f3n en la cual volvamos m\u00e1s adelante a la cuarentena&#8221;, a\u00f1adi\u00f3.<br \/>\nDespu\u00e9s de Brasil, Per\u00fa es actualmente el segundo pa\u00eds de Am\u00e9rica Latina por n\u00famero de contagios y v\u00edctimas, con 337.724 casos confirmados por Covid-19, de los cuales 12.417 fallecieron.<br \/>\nEl presidente peruano afirm\u00f3 que la cuarentena &#8220;fue \u00fatil&#8221;, tanto para el gobierno como para la poblaci\u00f3n. &#8220;Nos ense\u00f1\u00f3 nuevos modos de actuar, nuevas reglas de comportamiento, y las estamos aplicando&#8221;, resalt\u00f3.<\/p>\n","protected":false},"excerpt":{"rendered":"<p>&#8220;No estamos en la situaci\u00f3n de retornar a la cuarentena&#8221; &nbsp; LIMA, 16 JUL &#8211; El presidente de Per\u00fa, Mart\u00edn Vizcarra, dijo hoy &#8220;no ver&#8221;&hellip;<\/p>\n","protected":false},"author":99,"featured_media":0,"comment_status":"open","ping_status":"open","sticky":false,"template":"","format":"standard","meta":{"footnotes":""},"categories":[23],"tags":[],"class_list":["post-492779","post","type-post","status-publish","format-standard","hentry","category-latinoamerica"],"_links":{"self":[{"href":"https:\/\/diarioelpopular.com\/index.php\/wp-json\/wp\/v2\/posts\/492779","targetHints":{"allow":["GET"]}}],"collection":[{"href":"https:\/\/diarioelpopular.com\/index.php\/wp-json\/wp\/v2\/posts"}],"about":[{"href":"https:\/\/diarioelpopular.com\/index.php\/wp-json\/wp\/v2\/types\/post"}],"author":[{"embeddable":true,"href":"https:\/\/diarioelpopular.com\/index.php\/wp-json\/wp\/v2\/users\/99"}],"replies":[{"embeddable":true,"href":"https:\/\/diarioelpopular.com\/index.php\/wp-json\/wp\/v2\/comments?post=492779"}],"version-history":[{"count":1,"href":"https:\/\/diarioelpopular.com\/index.php\/wp-json\/wp\/v2\/posts\/492779\/revisions"}],"predecessor-version":[{"id":492781,"href":"https:\/\/diarioelpopular.com\/index.php\/wp-json\/wp\/v2\/posts\/492779\/revisions\/492781"}],"wp:attachment":[{"href":"https:\/\/diarioelpopular.com\/index.php\/wp-json\/wp\/v2\/media?parent=492779"}],"wp:term":[{"taxonomy":"category","embeddable":true,"href":"https:\/\/diarioelpopular.com\/index.php\/wp-json\/wp\/v2\/categories?post=492779"},{"taxonomy":"post_tag","embeddable":true,"href":"https:\/\/diarioelpopular.com\/index.php\/wp-json\/wp\/v2\/tags?post=492779"}],"curies":[{"name":"wp","href":"https:\/\/api.w.org\/{rel}","templated":true}]}}