{"id":492782,"date":"2020-07-16T21:20:17","date_gmt":"2020-07-17T01:20:17","guid":{"rendered":"https:\/\/diarioelpopular.com\/?p=492782"},"modified":"2020-07-16T21:20:17","modified_gmt":"2020-07-17T01:20:17","slug":"492782","status":"publish","type":"post","link":"https:\/\/diarioelpopular.com\/index.php\/2020\/07\/16\/492782\/","title":{"rendered":""},"content":{"rendered":"<h4><\/h4>\n<div id=\"attachment_492783\" style=\"width: 486px\" class=\"wp-caption alignnone\"><img loading=\"lazy\" decoding=\"async\" aria-describedby=\"caption-attachment-492783\" class=\"size-custom-full-size wp-image-492783\" src=\"https:\/\/diarioelpopular.com\/wp-content\/uploads\/2020\/07\/79971acf1e745dce5ead4e76b9fdf4d6.jpg\" alt=\"\" width=\"476\" height=\"317\" \/><p id=\"caption-attachment-492783\" class=\"wp-caption-text\"><em>El machi Celestino C\u00f3rdova, imagen difundida en las redes sociales.<\/em><\/p><\/div>\n<h4><em><strong>Temen por la vida de\u00a0l\u00edder mapuche de Chile<\/strong><\/em><\/h4>\n<p>&nbsp;<\/p>\n<p><em><strong>SANTIAGO DE CHILE, 16 JUL &#8211;<\/strong><\/em> Temen en Chile por la vida de la autoridad ancestral mapuche, el machi Celestino C\u00f3rdova, trasladado de urgencia hasta el hospital Intercultural de Nueva Imperial, 670 kil\u00f3metros al sur de Santiago.<br \/>\nEl machi, quien cumple condena de 18 a\u00f1os de presidio por la muerte del matrimonio de latifundistas Luchsinger-MacKay en enero de 2013, lleva m\u00e1s de 70 d\u00edas en huelga de hambre pidiendo que su sentencia pueda cumplirla en su rehue, su entorno natural.<br \/>\nDe acuerdo a la descripci\u00f3n de radio B\u00edo B\u00edo, C\u00f3rdova fue trasladado la noche del mi\u00e9rcoles en una ambulancia custodiada por motocicletas de tr\u00e1nsito, tres carros de Carabineros y de fuerzas Especiales, un carro celular de Gendarmer\u00eda, tres camionetas de comando de apoyo y radiopatrullas.<br \/>\nGendarmer\u00eda se\u00f1al\u00f3 que el machi fue derivado al centro asistencial para evaluar su estado de salud luego de las recomendaciones de autoridades del \u00e1rea, como el Colegio M\u00e9dico.<br \/>\nA\u00f1adi\u00f3 que se ha contado con la voluntad de C\u00f3rdova, &#8220;quien adem\u00e1s acept\u00f3 realizarse el examen PCR, en caso de una eventual hospitalizaci\u00f3n. El resultado del an\u00e1lisis PCR arroj\u00f3 negativo&#8221;.<br \/>\nEl domingo, el machi envi\u00f3 un emotivo audio donde pr\u00e1cticamente se despide.<br \/>\n&#8220;En un posible fallecimiento le pido a mi pueblo-naci\u00f3n mapuche no bajar la guardia y luchar hasta hacer que el Estado chileno se ponga a disponibilidad de devolver nuestro territorio ancestral mapuche&#8221;, se\u00f1al\u00f3.<br \/>\nDemand\u00f3 &#8220;que los recursos naturales vuelvan a todos sus habitantes, porque hoy muchos de ellas y ellos se encuentran privadas y privados de libertad por parte del Estado chileno, provoc\u00e1ndoles mayores da\u00f1os y perjuicios en el \u00e1mbito espiritual, personal y socioecon\u00f3mico&#8221;.<br \/>\nHace una semana, la Corte de Apelaciones de Temuco acogi\u00f3 un recurso de protecci\u00f3n presentado por Gendarmer\u00eda, en favor de nueve internos mapuches en huelga de hambre en centros penitenciarios, incluido el machi.<br \/>\nEn estos 70 d\u00edas de huelga de hambre, la autoridad ancestral ha bajado m\u00e1s de 20 kilogramos de peso, padece de una bradicardia e hipotensi\u00f3n permanente, detall\u00f3 su m\u00e9dica, Leonor Olate.<br \/>\nLa vocera del machi, Giovanna Tafilo, quien tambi\u00e9n visit\u00f3 a C\u00f3rdova, describi\u00f3 que &#8220;fue muy impresionante, el machi est\u00e1 muy mal. El dijo que ya est\u00e1 cansado, dijo que se pondr\u00e1 en disposici\u00f3n de los pu loncos, los ancestros, y que ellos, por naturaleza, decidan y determinen qu\u00e9 va a pasar&#8221;.<br \/>\nExplic\u00f3 a radio B\u00edo B\u00edo que sea cual sea el desenlace del machi, el sacrificio que est\u00e1 realizando no ser\u00e1 en vano.<br \/>\n&#8220;Es un sacrificio que se le pidi\u00f3 desde el mundo espiritual y, por lo tanto, lo va a realizar hasta el final, \u00e9l no se va a bajar de la huelga de hambre, porque aqu\u00ed hubo una petici\u00f3n desde el mundo espiritual y su huelga tiene que ver con ese mundo, no con el mundo f\u00edsico. Esta es la parte de la guerra que nos toc\u00f3 a nosotros&#8221;, asever\u00f3 Para Tafilo, la persecuci\u00f3n a Celestino C\u00f3rdova obedece a una discriminaci\u00f3n hist\u00f3rica que viene desde la invasi\u00f3n espa\u00f1ola, ya que en aquel entonces, se persegu\u00eda a la autoridades ancestrales y espirituales de su pueblo.<br \/>\n&#8220;El machi fue tomado preso en unas condiciones muy terribles, cuando nosotros estamos seguros que el machi no es culpable, que siempre fue inocente, que es parte de esta historia de discriminaci\u00f3n, de esta historia de racismo que ha habido siempre en el territorio, y que tiene que ver con esta guerra espiritual que, de cierta forma, ha atacado a nuestros machis&#8221;, explic\u00f3.<br \/>\n&#8220;Nuestros machis, nuestra gente, nuestros gu\u00edas espirituales han sido atacados desde siempre, nos ponemos a recordar la historia y fueron a nuestros machis a los que quemaron dentro de las rucas, no los quemaban de a uno, de a dos, quemaban de a 20 hasta 100 llegaron a quemar, porque son los machis quienes entregan la fuerza espiritual al pueblo para que pueda luchar y se pueda defender&#8221;, record\u00f3.<br \/>\nLa vocera record\u00f3 la vinculaci\u00f3n estrecha del pueblo mapuche con la naturaleza sosteniendo que si el machi llegara a fallecer, &#8220;hasta los volcanes har\u00e1n erupci\u00f3n&#8221;.<\/p>\n","protected":false},"excerpt":{"rendered":"<p>Temen por la vida de\u00a0l\u00edder mapuche de Chile &nbsp; SANTIAGO DE CHILE, 16 JUL &#8211; Temen en Chile por la vida de la autoridad ancestral&hellip;<\/p>\n","protected":false},"author":99,"featured_media":0,"comment_status":"open","ping_status":"open","sticky":false,"template":"","format":"standard","meta":{"footnotes":""},"categories":[23],"tags":[],"class_list":["post-492782","post","type-post","status-publish","format-standard","hentry","category-latinoamerica"],"_links":{"self":[{"href":"https:\/\/diarioelpopular.com\/index.php\/wp-json\/wp\/v2\/posts\/492782","targetHints":{"allow":["GET"]}}],"collection":[{"href":"https:\/\/diarioelpopular.com\/index.php\/wp-json\/wp\/v2\/posts"}],"about":[{"href":"https:\/\/diarioelpopular.com\/index.php\/wp-json\/wp\/v2\/types\/post"}],"author":[{"embeddable":true,"href":"https:\/\/diarioelpopular.com\/index.php\/wp-json\/wp\/v2\/users\/99"}],"replies":[{"embeddable":true,"href":"https:\/\/diarioelpopular.com\/index.php\/wp-json\/wp\/v2\/comments?post=492782"}],"version-history":[{"count":1,"href":"https:\/\/diarioelpopular.com\/index.php\/wp-json\/wp\/v2\/posts\/492782\/revisions"}],"predecessor-version":[{"id":492784,"href":"https:\/\/diarioelpopular.com\/index.php\/wp-json\/wp\/v2\/posts\/492782\/revisions\/492784"}],"wp:attachment":[{"href":"https:\/\/diarioelpopular.com\/index.php\/wp-json\/wp\/v2\/media?parent=492782"}],"wp:term":[{"taxonomy":"category","embeddable":true,"href":"https:\/\/diarioelpopular.com\/index.php\/wp-json\/wp\/v2\/categories?post=492782"},{"taxonomy":"post_tag","embeddable":true,"href":"https:\/\/diarioelpopular.com\/index.php\/wp-json\/wp\/v2\/tags?post=492782"}],"curies":[{"name":"wp","href":"https:\/\/api.w.org\/{rel}","templated":true}]}}