{"id":492795,"date":"2020-07-17T21:43:47","date_gmt":"2020-07-18T01:43:47","guid":{"rendered":"https:\/\/diarioelpopular.com\/?p=492795"},"modified":"2020-07-17T21:43:47","modified_gmt":"2020-07-18T01:43:47","slug":"argentina-cuarentena-con-apertura-cuidadosa","status":"publish","type":"post","link":"https:\/\/diarioelpopular.com\/index.php\/2020\/07\/17\/argentina-cuarentena-con-apertura-cuidadosa\/","title":{"rendered":"Argentina: cuarentena con apertura cuidadosa"},"content":{"rendered":"<div id=\"attachment_492796\" style=\"width: 310px\" class=\"wp-caption alignnone\"><img loading=\"lazy\" decoding=\"async\" aria-describedby=\"caption-attachment-492796\" class=\"size-medium wp-image-492796\" src=\"https:\/\/diarioelpopular.com\/wp-content\/uploads\/2020\/07\/18a51039a70583637720862c1165e03e-300x200.jpg\" alt=\"\" width=\"300\" height=\"200\" \/><p id=\"caption-attachment-492796\" class=\"wp-caption-text\"><em>El presidente argentino , Alberto Fern\u00e1ndez, en rueda de prensa.<\/em><\/p><\/div>\n<h4><em><strong>&#8220;El riesgo est\u00e1 latente&#8221;, advierte presidente Alberto Fern\u00e1ndez<\/strong><\/em><\/h4>\n<p>&nbsp;<\/p>\n<p><em><strong>BUENOS AIRES, 17 JUL &#8211;<\/strong> <\/em>El presidente argentino, Alberto Fern\u00e1ndez, anunci\u00f3 hoy la extensi\u00f3n de la cuarentena aunque con la reapertura parcial de actividades, que ser\u00e1 diferenciada en las zonas m\u00e1s afectadas por la pandemia de Covid-19.<br \/>\nLa capital argentina Buenos Aires y su populosa periferia, adem\u00e1s de las provincias (estados) de Chaco (noreste), Jujuy (norte) y R\u00edo Negro (sur) son las \u00e1reas m\u00e1s afectadas por el virus. Ante el preocupante aumento de casos de Covid-19 en los \u00faltimos d\u00edas, la nueva fase ir\u00e1 entre el pr\u00f3ximo 18 de julio hasta el 2 de agosto, dijo el mandatario, quien tambi\u00e9n subray\u00f3 que en ese per\u00edodo de tiempo &#8220;vamos a ir tratando de volver a la vida habitual en este nuevo mundo&#8221;. &#8220;Lo vamos a hacer escalonadamente&#8221;, prosigui\u00f3 el jefe de Estado, y enfatiz\u00f3 de ese modo que impulsaba una &#8220;apertura muy cuidada&#8221; por el hecho de que el pa\u00eds est\u00e1 lejos de ganar la batalla. Por eso, en cualquier momento se puede disponer una marcha atr\u00e1s.<br \/>\nLa apertura escalonada tiene que ver con un intento de hacer un delicado equilibrio entre el aumento de cifras diarias de contagios -que a\u00fan son bajas en relaci\u00f3n con el resto de pa\u00edses de Am\u00e9rica Latina- y la ca\u00edda econ\u00f3mica y la angustia social por una extensa cuarentena que arranc\u00f3 el pasado 20 de marzo. Desde entonces, el aislamiento preventivo y obligatorio persisti\u00f3 en la zona de la capital argentina y su populosa periferia, mientras se ha flexibilizado en algunas provincias del pa\u00eds y en otras, en las que se hab\u00eda recuperado la normalidad, se tuvo que retroceder por el aumento de casos. El presidente hizo los anuncios en la quinta presidencial de Olivos, donde acompa\u00f1aron de modo presencial el jefe de Gobierno de la ciudad de Buenos Aires, Horacio Rodr\u00edguez Larreta, y el gobernador de la provincia de Buenos Aires, Axel Kicillof. Detr\u00e1s de ellos se pudo ver conectados virtualmente a los mandatarios Jorge Capitanich (Chaco), Gerardo Morales (Jujuy) y Arabela Carreras (R\u00edo Negro). Todos los jefes provinciales brindaron reportes de situaciones particulares de cada distrito.<br \/>\nEn Argentina, en las 24 horas se registraron 62 muertes y 3.624 nuevos casos positivos por coronavirus, mientras total de infectados en todo el pa\u00eds ascendi\u00f3 a 114.783 y las v\u00edctimas mortales ya son 2.112.<br \/>\nSin embargo, se trata de una cifra moderada si se la compara con la de pa\u00edses como Brasil, Chile o Per\u00fa, pero que preocupa porque se ha acelerado la curva ascendente en comparaci\u00f3n con marzo, abril, o mayo, cuando se manten\u00eda baja y estable.<br \/>\nEn ese sentido, el presidente dijo que &#8220;en el continente, estamos en una situaci\u00f3n buena a pesar que han crecido los contagios en los \u00faltimos d\u00edas&#8221;. Ayer, uno de los asesores del equipo del presidente defini\u00f3 el incremento de infecciones como &#8220;una pi\u00f1a en los dientes&#8221;, porque, con el retorno a la fase 1 de la cuarentena en la capital argentina y en el conurbano decretado el 1 de julio, lo que se esperaba era, como mucho, 2.000 casos por d\u00eda.<br \/>\nPor ese motivo, Fern\u00e1ndez advirti\u00f3 que &#8220;estamos muy lejos de pensar que la situaci\u00f3n est\u00e1 superada. Necesitamos tener presente que el riesgo est\u00e1 latente&#8221;. Tambi\u00e9n resalt\u00f3 que &#8220;todo el esfuerzo no ha sido in\u00fatil. Por mucho que nos pese el aislamiento, esto es lo que nos permite todav\u00eda no caer en el riesgo de elegir qui\u00e9n vive y qui\u00e9n muere&#8221;. Y remarc\u00f3, asimismo, &#8220;si debemos volver atr\u00e1s lo haremos, y si hay que ajustar un poco m\u00e1s, ajustaremos&#8221;. Entre las actividades que volver\u00e1n en la capital argentina, uno de los epicentro de la pandemia, est\u00e1n las reaperturas de comercios de cercan\u00eda no esenciales y galer\u00edas comerciales, actividades individuales en el espacio p\u00fablico y ampliaci\u00f3n de d\u00edas de salidas recreativas para ni\u00f1os.<br \/>\nEl jefe de Gobierno Rodr\u00edguez Larreta destac\u00f3 que el plan de reapertura ser\u00e1 en seis etapas, que se ir\u00e1 &#8220;evaluando gradualmente y en funci\u00f3n de los datos&#8221;.<br \/>\nTambi\u00e9n volver\u00e1n las peluquer\u00edas, los comercios de ropa y calzado y el permiso de rezo individual en los templos -con una presencia de hasta 10 personas-, mientras se evitar\u00e1 la apertura de restaurantes y bares, as\u00ed como de teatros y eventos deportivos. En el caso del conurbano bonaerense -otra zona problem\u00e1tica donde hay mucha circulaci\u00f3n comunitaria del virus, y es foco de contagios y muertes al igual que la capital- habr\u00e1 reapertura de empresas con protocolos estrictos y transporte propio. Tambi\u00e9n habr\u00e1 reapertura de comercios barriales y de actividades profesionales. Al respecto, el gobernador bonaerense Axel Kicillof anunci\u00f3 que van a pasar a una &#8220;cuarentena intermitente&#8221;.<br \/>\n&#8220;Estamos en la posibilidad de manera escalonada y lenta de volver a la etapa anterior, que vamos a poder sostener s\u00f3lo en la medida en que no vuelvan a aumentar los contagios&#8221;.<\/p>\n","protected":false},"excerpt":{"rendered":"<p>&#8220;El riesgo est\u00e1 latente&#8221;, advierte presidente Alberto Fern\u00e1ndez &nbsp; BUENOS AIRES, 17 JUL &#8211; El presidente argentino, Alberto Fern\u00e1ndez, anunci\u00f3 hoy la extensi\u00f3n de la&hellip;<\/p>\n","protected":false},"author":99,"featured_media":0,"comment_status":"open","ping_status":"open","sticky":false,"template":"","format":"standard","meta":{"footnotes":""},"categories":[23],"tags":[],"class_list":["post-492795","post","type-post","status-publish","format-standard","hentry","category-latinoamerica"],"_links":{"self":[{"href":"https:\/\/diarioelpopular.com\/index.php\/wp-json\/wp\/v2\/posts\/492795","targetHints":{"allow":["GET"]}}],"collection":[{"href":"https:\/\/diarioelpopular.com\/index.php\/wp-json\/wp\/v2\/posts"}],"about":[{"href":"https:\/\/diarioelpopular.com\/index.php\/wp-json\/wp\/v2\/types\/post"}],"author":[{"embeddable":true,"href":"https:\/\/diarioelpopular.com\/index.php\/wp-json\/wp\/v2\/users\/99"}],"replies":[{"embeddable":true,"href":"https:\/\/diarioelpopular.com\/index.php\/wp-json\/wp\/v2\/comments?post=492795"}],"version-history":[{"count":1,"href":"https:\/\/diarioelpopular.com\/index.php\/wp-json\/wp\/v2\/posts\/492795\/revisions"}],"predecessor-version":[{"id":492797,"href":"https:\/\/diarioelpopular.com\/index.php\/wp-json\/wp\/v2\/posts\/492795\/revisions\/492797"}],"wp:attachment":[{"href":"https:\/\/diarioelpopular.com\/index.php\/wp-json\/wp\/v2\/media?parent=492795"}],"wp:term":[{"taxonomy":"category","embeddable":true,"href":"https:\/\/diarioelpopular.com\/index.php\/wp-json\/wp\/v2\/categories?post=492795"},{"taxonomy":"post_tag","embeddable":true,"href":"https:\/\/diarioelpopular.com\/index.php\/wp-json\/wp\/v2\/tags?post=492795"}],"curies":[{"name":"wp","href":"https:\/\/api.w.org\/{rel}","templated":true}]}}