{"id":492830,"date":"2020-07-19T14:03:59","date_gmt":"2020-07-19T18:03:59","guid":{"rendered":"https:\/\/diarioelpopular.com\/?p=492830"},"modified":"2020-07-19T14:03:59","modified_gmt":"2020-07-19T18:03:59","slug":"amia-un-brutal-ataque-aun-en-las-tinieblas","status":"publish","type":"post","link":"https:\/\/diarioelpopular.com\/index.php\/2020\/07\/19\/amia-un-brutal-ataque-aun-en-las-tinieblas\/","title":{"rendered":"AMIA: un brutal ataque a\u00fan en las tinieblas"},"content":{"rendered":"<div id=\"attachment_492831\" style=\"width: 160px\" class=\"wp-caption alignnone\"><img loading=\"lazy\" decoding=\"async\" aria-describedby=\"caption-attachment-492831\" class=\"size-thumbnail wp-image-492831\" src=\"https:\/\/diarioelpopular.com\/wp-content\/uploads\/2020\/07\/7ea29affc632d575fcf066109a66ff90-150x150.jpg\" alt=\"\" width=\"150\" height=\"150\" \/><p id=\"caption-attachment-492831\" class=\"wp-caption-text\"><em>Brutal atentado a la AMIA en Buenos Aires, una imagen de archivo de 1994.<\/em><\/p><\/div>\n<h4><em><strong>Mensaje del presidente, la oposici\u00f3n y de la comunidad jud\u00eda<\/strong><\/em><\/h4>\n<p>&nbsp;<\/p>\n<p><em><strong>BUENOS AIRES, 19 JUL &#8211;<\/strong><\/em> El gobierno de Argentina, la oposici\u00f3n y la comunidad jud\u00eda, a trav\u00e9s de mensajes en las redes sociales, reclamaron justicia y el esclarecimiento del atentado a la sede de la asociaci\u00f3n mutual israelita AMIA, que provoc\u00f3 la muerte de 85 personas y m\u00e1s de 300 heridos en 1994.<br \/>\nAl cumplirse este s\u00e1bado 26 a\u00f1os de ese ataque, emergieron coincidencias y tensiones en torno al atentado m\u00e1s brutal y cruel en la historia del pa\u00eds sudamericano.<br \/>\nEn su cuenta de Twitter, el presidente Alberto Fern\u00e1ndez (peronismo de centro izquierda) dijo que &#8220;los argentinos tenemos una deuda que debemos saldar&#8221; y sostuvo que &#8220;la b\u00fasqueda de verdad y justicia es un imperativo moral que debe unirnos a todos contra la impunidad&#8221;, luego de &#8220;muchos a\u00f1os de frustraciones&#8221; en la investigaci\u00f3n del atentado.<br \/>\nPor su parte, el jefe de Gabinete, Santiago Cafiero, se\u00f1al\u00f3 que &#8220;es un enorme dolor para los familiares de las v\u00edctimas y para la sociedad argentina en su conjunto que a 26 a\u00f1os del atentado a la AMIA no hayamos podido encontrar justicia&#8221;.<br \/>\n&#8220;El terrorismo debe ser condenado y castigado. Para que haya justicia necesitamos saber la verdad&#8221;, agreg\u00f3 el funcionario nacional.<br \/>\nEl jefe de gobierno de la ciudad de Buenos Aires, Horacio Rodr\u00edguez Larreta (PRO, conservador), del signo pol\u00edtico contrario al presidente, afirm\u00f3 en Twitter que &#8220;pasaron 26 a\u00f1os, pero no olvidamos&#8221;.<br \/>\n&#8220;En un nuevo aniversario del atentado a la AMIA, el recuerdo de las v\u00edctimas y el pedido de justicia est\u00e1n m\u00e1s presentes que nunca. Acompa\u00f1o, una vez m\u00e1s, a todas las familias en su lucha&#8221;, escribi\u00f3 Larreta.<br \/>\nEl gobernador Omar Perotti (peronismo), sostuvo que &#8220;seguimos exigiendo justicia, y acompa\u00f1amos a los familiares de las v\u00edctimas en su reclamo, y nos sumamos al pedido de esclarecimiento de los hechos&#8221;.<br \/>\nIncluso, el secretario de Estado de los Estados Unidos, Mike Pompeo, record\u00f3 el aniversario del atentado terrorista contra la AMIA en Argentina.<br \/>\n&#8220;Hoy se conmemoran los aniversarios de dos ataques de Hezbol\u00e1 respaldados por Ir\u00e1n. Lloramos con aquellos que perdieron seres queridos a manos del terrorismo en Argentina en 1994 y Bulgaria en 2012&#8221;, dijo en Twitter.<br \/>\n&#8220;Estados Unidos contin\u00faa ejerciendo una presi\u00f3n m\u00e1xima sobre Teher\u00e1n. Todas las naciones responsables deben unirse a nosotros&#8221;, acot\u00f3 Pompeo.<br \/>\nAsimismo, la dirigencia de la comunidad jud\u00eda argentina renov\u00f3 su reclamo de justicia y pidi\u00f3 a la regi\u00f3n &#8220;acciones concretas&#8221; contra Hezbol\u00e1.<br \/>\n&#8220;Conocemos la parte de la verdad. Falta la justicia. Es largo el camino por recorrer&#8221;, declar\u00f3 Ariel Eichbaum, presidente de la Asociaci\u00f3n Mutual Israelita Argentina (AMIA), en un in\u00e9dito acto virtual debido a la pandemia del Covid-19, transmitido por redes y canales de noticias.<br \/>\nEl acto se realiz\u00f3 ayer a ra\u00edz de que el aniversario del atentado ocurrido en Buenos AIres cay\u00f3 este a\u00f1o en s\u00e1bado, Shabat, d\u00eda de descanso en el juda\u00edsmo. Tras la lectura de los 85 nombres de las v\u00edctimas, se transmiti\u00f3 un mensaje grabado del ex mandatario espa\u00f1ol Felipe Gonz\u00e1lez, quien llam\u00f3 a &#8220;mantener la memoria y la solidaridad&#8221;.<br \/>\nEichbaum fue recibido esta semana por el presidente Fern\u00e1ndez en un encuentro al que fueron invitados el padre de Sebasti\u00e1n Barreiros, quien muri\u00f3 cuando pasaba caminando por la puerta de la AMIA y con cinco a\u00f1os fue la v\u00edctima m\u00e1s joven, y Ana Weinstein, una sobreviviente.<br \/>\n&#8220;Necesitamos conocer la verdad sobre el atentado porque mientras la Justicia no se concrete no estaremos tranquilos&#8221;, afirm\u00f3 Fern\u00e1ndez en una entrevista con el Comit\u00e9 Jud\u00edo Americano difundida por el gobierno, al reconocer.<br \/>\nSe trata de &#8220;una deuda de la democracia para con la Argentina&#8221;, a\u00f1adi\u00f3.<br \/>\nArgentina ha atribuido el atentado a ex altos funcionarios iran\u00edes, entre ellos el ex presidente Al\u00ed Rafsanjani, y al movimiento chi\u00edta liban\u00e9s Hezbol\u00e1, hip\u00f3tesis sostenida por la dirigencia jud\u00eda argentina y por las autoridades de Israel.<br \/>\nPero la investigaci\u00f3n judicial qued\u00f3 envuelta en una mara\u00f1a de denuncias por supuesto desv\u00edo de pistas, causas por encubrimiento y procesos anulados, que llevaron a que 26 a\u00f1os despu\u00e9s no haya ni un detenido. En 1992, otro ataque hab\u00eda volado la embajada de Israel en Buenos Aires, causando 22 muertos y 200 heridos.<br \/>\nArgentina tiene la mayor comunidad jud\u00eda de Am\u00e9rica Latina, con unos 300 mil integrantes.<\/p>\n","protected":false},"excerpt":{"rendered":"<p>Mensaje del presidente, la oposici\u00f3n y de la comunidad jud\u00eda &nbsp; BUENOS AIRES, 19 JUL &#8211; El gobierno de Argentina, la oposici\u00f3n y la comunidad&hellip;<\/p>\n","protected":false},"author":99,"featured_media":0,"comment_status":"open","ping_status":"open","sticky":false,"template":"","format":"standard","meta":{"footnotes":""},"categories":[23],"tags":[],"class_list":["post-492830","post","type-post","status-publish","format-standard","hentry","category-latinoamerica"],"_links":{"self":[{"href":"https:\/\/diarioelpopular.com\/index.php\/wp-json\/wp\/v2\/posts\/492830","targetHints":{"allow":["GET"]}}],"collection":[{"href":"https:\/\/diarioelpopular.com\/index.php\/wp-json\/wp\/v2\/posts"}],"about":[{"href":"https:\/\/diarioelpopular.com\/index.php\/wp-json\/wp\/v2\/types\/post"}],"author":[{"embeddable":true,"href":"https:\/\/diarioelpopular.com\/index.php\/wp-json\/wp\/v2\/users\/99"}],"replies":[{"embeddable":true,"href":"https:\/\/diarioelpopular.com\/index.php\/wp-json\/wp\/v2\/comments?post=492830"}],"version-history":[{"count":1,"href":"https:\/\/diarioelpopular.com\/index.php\/wp-json\/wp\/v2\/posts\/492830\/revisions"}],"predecessor-version":[{"id":492832,"href":"https:\/\/diarioelpopular.com\/index.php\/wp-json\/wp\/v2\/posts\/492830\/revisions\/492832"}],"wp:attachment":[{"href":"https:\/\/diarioelpopular.com\/index.php\/wp-json\/wp\/v2\/media?parent=492830"}],"wp:term":[{"taxonomy":"category","embeddable":true,"href":"https:\/\/diarioelpopular.com\/index.php\/wp-json\/wp\/v2\/categories?post=492830"},{"taxonomy":"post_tag","embeddable":true,"href":"https:\/\/diarioelpopular.com\/index.php\/wp-json\/wp\/v2\/tags?post=492830"}],"curies":[{"name":"wp","href":"https:\/\/api.w.org\/{rel}","templated":true}]}}