{"id":492833,"date":"2020-07-19T14:06:32","date_gmt":"2020-07-19T18:06:32","guid":{"rendered":"https:\/\/diarioelpopular.com\/?p=492833"},"modified":"2020-07-19T14:06:32","modified_gmt":"2020-07-19T18:06:32","slug":"mexico-vuelve-a-cerrar-las-playas","status":"publish","type":"post","link":"https:\/\/diarioelpopular.com\/index.php\/2020\/07\/19\/mexico-vuelve-a-cerrar-las-playas\/","title":{"rendered":"M\u00e9xico vuelve a cerrar las playas"},"content":{"rendered":"<div id=\"attachment_492834\" style=\"width: 160px\" class=\"wp-caption alignnone\"><img loading=\"lazy\" decoding=\"async\" aria-describedby=\"caption-attachment-492834\" class=\"size-thumbnail wp-image-492834\" src=\"https:\/\/diarioelpopular.com\/wp-content\/uploads\/2020\/07\/9e6f86980ec0a0fb6c3a3e65ef68d266-150x150.jpg\" alt=\"\" width=\"150\" height=\"150\" \/><p id=\"caption-attachment-492834\" class=\"wp-caption-text\"><em>Vista a\u00e9rea de un C\u00e1nc\u00fan desolado. Cierre de playas en M\u00e9xico por rebrotes.<\/em><\/p><\/div>\n<h4><em><strong>En dos tercios del pa\u00eds se volvi\u00f3 obligatorio el uso de barbijos<\/strong><\/em><\/h4>\n<p>&nbsp;<\/p>\n<p><em><strong>CIUDAD DE M\u00c9XICO, 19 JUL &#8211;<\/strong> <\/em>El fin del confinamiento en algunos de los para\u00edsos tur\u00edsticos de M\u00e9xico hace tres semanas apareci\u00f3 como una idea equivocada y por ello el gobierno federal decidi\u00f3 dar reversa y decretar nuevamente la cuarentena en estados de playa del pa\u00eds.<br \/>\nEn ciudades veraniegas famosas y tradicionales como Acapulco (sur), Canc\u00fan (sureste) y Los Cabos (noroeste) se presentaron rebrotes de coronavirus que llevaron a las autoridades a cambiar el sem\u00e1foro &#8220;naranja&#8221; (alerta media) a &#8220;rojo&#8221; (alerta m\u00e1xima).<br \/>\nAdem\u00e1s, en 21 estados (dos tercios del pa\u00eds), las autoridades locales decretaron la obligaci\u00f3n de usar barbijos principalmente en el transporte p\u00fablico.<br \/>\nCuando el conteo de muertes y contagios sigue su inexorable marcha, al ritmo del 2% en promedio por d\u00eda, en el segundo pa\u00eds con mayor cifra de fatalidades en Am\u00e9rica Latina, con 331.289 casos y 38.310 fallecimientos, 9 de los 32 estados del pa\u00eds retrocedieron en el proceso de desescalada.<br \/>\nEl zar antipandemia, Hugo L\u00f3pez-Gatell anunci\u00f3 que algunas de las provincias donde se dio marcha atr\u00e1s en el desconfinamiento son aquellos con populares destinos tur\u00edsticos como Baja California Sur (Los Cabos), Quintana Roo (Canc\u00fan y la Riviera Maya), Oaxaca (Huatulco) y Jalisco (Puerto Vallarta).<br \/>\nJos\u00e9 Luis Alom\u00eda, director general de Epidemiolog\u00eda del ministerio de Salud, se\u00f1al\u00f3 que en Guerrero, que se mantiene en &#8220;rojo&#8221;, hab\u00eda &#8220;alcanzado una estabilizaci\u00f3n en la velocidad de los contagios&#8221;.<br \/>\nSin embargo, en las dos \u00faltimas semanas se elevaron otra vez los casos, con un crecimiento del 7%, aunque las muertes van en descenso.<br \/>\nEn Acapulco parec\u00eda que se hab\u00eda logrado un descenso en la transmisi\u00f3n del virus, pero en las dos \u00faltimas semanas super\u00f3 su pico anterior.<br \/>\n&#8220;Aqu\u00ed, pr\u00e1cticamente, estamos viendo la figura de lo que representa un rebrote&#8221;, se\u00f1al\u00f3 preocupado el funcionario.<br \/>\nComo un s\u00edmbolo de que las cosas no marchan como se esperaba, el propio gobernador de Quintana Roo, Carlos Joaqu\u00edn Gonz\u00e1lez, anunci\u00f3 que \u00e9l mismo hab\u00eda contra\u00eddo el coronavirus.<br \/>\nLa cara visible de la respuesta de la autoridad federal contra la peste, G\u00f3mez-Gatell, mantiene fricciones con algunos gobernadores, descontentos por la decisi\u00f3n de incluir a sus estados en &#8220;rojo&#8221; y estropear sus planes de reanudaci\u00f3n de actividades.<br \/>\n&#8220;Hay cosas que no tienen remedio. L\u00f3pez Gatell sigue en su agenda pol\u00edtica. Sus caprichos ya le costaron muchas vidas a M\u00e9xico. No entiende que la pandemia es un asunto serio.<br \/>\nAvanzamos un paso y \u00e9l se encarga de echar de nuevo todo a perder&#8221;, se\u00f1al\u00f3 por Twitter el gobernador de Jalisco (occidente), Enrique Alfaro.<br \/>\nAlfaro es conocido como liderar a un grupo de gobernadores rebeldes que se han puesto en contra de algunas medidas del gobierno federal para combatir la crisis sanitaria.<br \/>\nPor ahora, 14 estados (incluida la capital) fueron declarados en &#8220;naranja&#8221; y 18 en &#8220;rojo&#8221;, lo que supone pocos cambios respecto a las dos semanas previas.<br \/>\nHasta ahora no hay ning\u00fan estado que haya pasado al &#8220;amarillo&#8221; y se ve lejano que alguno llegue al &#8220;verde&#8221;, que representa el desconfinamiento total.<br \/>\nLa buena noticia es que en la capital y su vecino el Estado de M\u00e9xico, el principal epicentro de la pandemia, las hospitalizaciones y fallecimientos se reducen a un ritmo del 2% por d\u00eda, con algunos altibajos, desde hace varias jornadas, aunque la curva se aplana muy lentamente.<br \/>\nNo obstante, algunos estados del pa\u00eds registran alzas en contagios y muertes y se dirigen a su fase cr\u00edtica, como Tamaulipas, Coahuila y Nuevo Le\u00f3n, Jalisco (occidente), Tabasco (sureste) y Baja California Sur (noroeste).<br \/>\nLa muerte de al menos cinco alcaldes en algunos estados por coronavirus en los \u00faltimos 10 d\u00edas ha sido interpretada como una se\u00f1al de que la epidemia est\u00e1 a\u00fan lejos de llegar a su fase final.<br \/>\nEl caso m\u00e1s dram\u00e1tico fue el de Fernando Bautista, intendente de San Juan Bautista Tuxtepec, la segunda ciudad en importancia del estado sure\u00f1o de Oaxaca, despu\u00e9s de la capital provincial, quien estuvo internado en un hospital durante 20 d\u00edas.<br \/>\nLas muertes de estos funcionarios han hecho que muchos habitantes de zonas pobres y sobre todo ind\u00edgenas de estos estados cambien su percepci\u00f3n muy extendida de que &#8220;el coronavirus no existe&#8221;.<\/p>\n","protected":false},"excerpt":{"rendered":"<p>En dos tercios del pa\u00eds se volvi\u00f3 obligatorio el uso de barbijos &nbsp; CIUDAD DE M\u00c9XICO, 19 JUL &#8211; El fin del confinamiento en algunos&hellip;<\/p>\n","protected":false},"author":99,"featured_media":0,"comment_status":"open","ping_status":"open","sticky":false,"template":"","format":"standard","meta":{"footnotes":""},"categories":[23],"tags":[],"class_list":["post-492833","post","type-post","status-publish","format-standard","hentry","category-latinoamerica"],"_links":{"self":[{"href":"https:\/\/diarioelpopular.com\/index.php\/wp-json\/wp\/v2\/posts\/492833","targetHints":{"allow":["GET"]}}],"collection":[{"href":"https:\/\/diarioelpopular.com\/index.php\/wp-json\/wp\/v2\/posts"}],"about":[{"href":"https:\/\/diarioelpopular.com\/index.php\/wp-json\/wp\/v2\/types\/post"}],"author":[{"embeddable":true,"href":"https:\/\/diarioelpopular.com\/index.php\/wp-json\/wp\/v2\/users\/99"}],"replies":[{"embeddable":true,"href":"https:\/\/diarioelpopular.com\/index.php\/wp-json\/wp\/v2\/comments?post=492833"}],"version-history":[{"count":1,"href":"https:\/\/diarioelpopular.com\/index.php\/wp-json\/wp\/v2\/posts\/492833\/revisions"}],"predecessor-version":[{"id":492835,"href":"https:\/\/diarioelpopular.com\/index.php\/wp-json\/wp\/v2\/posts\/492833\/revisions\/492835"}],"wp:attachment":[{"href":"https:\/\/diarioelpopular.com\/index.php\/wp-json\/wp\/v2\/media?parent=492833"}],"wp:term":[{"taxonomy":"category","embeddable":true,"href":"https:\/\/diarioelpopular.com\/index.php\/wp-json\/wp\/v2\/categories?post=492833"},{"taxonomy":"post_tag","embeddable":true,"href":"https:\/\/diarioelpopular.com\/index.php\/wp-json\/wp\/v2\/tags?post=492833"}],"curies":[{"name":"wp","href":"https:\/\/api.w.org\/{rel}","templated":true}]}}