{"id":492846,"date":"2020-07-20T13:36:52","date_gmt":"2020-07-20T17:36:52","guid":{"rendered":"https:\/\/diarioelpopular.com\/?p=492846"},"modified":"2020-07-20T13:36:52","modified_gmt":"2020-07-20T17:36:52","slug":"buenos-aires-y-periferia-alivian-cuarentena","status":"publish","type":"post","link":"https:\/\/diarioelpopular.com\/index.php\/2020\/07\/20\/buenos-aires-y-periferia-alivian-cuarentena\/","title":{"rendered":"Buenos Aires y periferia alivian cuarentena"},"content":{"rendered":"<div id=\"attachment_492847\" style=\"width: 160px\" class=\"wp-caption alignnone\"><img loading=\"lazy\" decoding=\"async\" aria-describedby=\"caption-attachment-492847\" class=\"size-thumbnail wp-image-492847\" src=\"https:\/\/diarioelpopular.com\/wp-content\/uploads\/2020\/07\/cdcf113fc29e8257475f51d111348725-150x150.jpg\" alt=\"\" width=\"150\" height=\"150\" \/><p id=\"caption-attachment-492847\" class=\"wp-caption-text\"><em>Pandemia en Buenos Aires.<\/em><\/p><\/div>\n<p><em><strong>BUENOS AIRES, 20 JUL &#8211;<\/strong><\/em> La Ciudad de Buenos Aires y su periferia ampl\u00edan a partir de hoy las actividades permitidas en el marco de la cuarentena establecida para combatir el coronavirus. Hoy reabren en la capital argentina los comercios de cercan\u00eda, se podr\u00e1 volver a practicar deportes individuales al aire libre en horarios restringidos y podr\u00e1n abrir locales de comidas para llevar.<br \/>\nEn la periferia de Buenos Aires, adem\u00e1s, 35 municipios restablecen la actividad de industria manufacturera, negocios de cercan\u00eda y agencias de loter\u00eda.<br \/>\nEl mi\u00e9rcoles se habilitar\u00e1, siempre en los barrios, la venta de ropa y calzado; tambi\u00e9n los lavaderos de autos y los paseadores de perros. Desde hoy en cambio ya pueden volver a su trabajo los escribanos y los empleados administrativos de instituciones educativas; tambi\u00e9n podr\u00e1n realizarse espect\u00e1culos en streaming.<br \/>\nDurante esta semana se permitir\u00e1n m\u00e1s paseos con ni\u00f1os y adolescentes, siempre a no m\u00e1s de 500 metros del domicilio y durante una hora.<br \/>\nY por primera vez desde marzo Buenos Aires abrir\u00e1 las plazas y parques, aunque no se podr\u00e1 permanecer ni usar los juegos.<br \/>\nA partir de ma\u00f1ana, sin embargo, el gobierno porte\u00f1o reforzar\u00e1 los controles de tr\u00e1nsito y amenaza con retener la licencia de conducir de los automovilistas que circulen sin permiso.<br \/>\nSi todo marcha como est\u00e1 previsto, entre el 27 de julio y el 3 de agosto volver\u00e1n abrir las peluquer\u00edas y se permitir\u00e1 la atenci\u00f3n psicol\u00f3gica presencial, con intenci\u00f3n de que abran m\u00e1s del 90% de los comercios para principios de agosto.<br \/>\nSin embargo, las aperturas est\u00e1n sujetas a la evoluci\u00f3n de la situaci\u00f3n sanitaria, de los contagios y la ocupaci\u00f3n en las camas de terapia intensiva.<\/p>\n","protected":false},"excerpt":{"rendered":"<p>BUENOS AIRES, 20 JUL &#8211; La Ciudad de Buenos Aires y su periferia ampl\u00edan a partir de hoy las actividades permitidas en el marco de&hellip;<\/p>\n","protected":false},"author":99,"featured_media":0,"comment_status":"open","ping_status":"open","sticky":false,"template":"","format":"standard","meta":{"footnotes":""},"categories":[23],"tags":[],"class_list":["post-492846","post","type-post","status-publish","format-standard","hentry","category-latinoamerica"],"_links":{"self":[{"href":"https:\/\/diarioelpopular.com\/index.php\/wp-json\/wp\/v2\/posts\/492846","targetHints":{"allow":["GET"]}}],"collection":[{"href":"https:\/\/diarioelpopular.com\/index.php\/wp-json\/wp\/v2\/posts"}],"about":[{"href":"https:\/\/diarioelpopular.com\/index.php\/wp-json\/wp\/v2\/types\/post"}],"author":[{"embeddable":true,"href":"https:\/\/diarioelpopular.com\/index.php\/wp-json\/wp\/v2\/users\/99"}],"replies":[{"embeddable":true,"href":"https:\/\/diarioelpopular.com\/index.php\/wp-json\/wp\/v2\/comments?post=492846"}],"version-history":[{"count":1,"href":"https:\/\/diarioelpopular.com\/index.php\/wp-json\/wp\/v2\/posts\/492846\/revisions"}],"predecessor-version":[{"id":492848,"href":"https:\/\/diarioelpopular.com\/index.php\/wp-json\/wp\/v2\/posts\/492846\/revisions\/492848"}],"wp:attachment":[{"href":"https:\/\/diarioelpopular.com\/index.php\/wp-json\/wp\/v2\/media?parent=492846"}],"wp:term":[{"taxonomy":"category","embeddable":true,"href":"https:\/\/diarioelpopular.com\/index.php\/wp-json\/wp\/v2\/categories?post=492846"},{"taxonomy":"post_tag","embeddable":true,"href":"https:\/\/diarioelpopular.com\/index.php\/wp-json\/wp\/v2\/tags?post=492846"}],"curies":[{"name":"wp","href":"https:\/\/api.w.org\/{rel}","templated":true}]}}