{"id":492849,"date":"2020-07-20T13:41:19","date_gmt":"2020-07-20T17:41:19","guid":{"rendered":"https:\/\/diarioelpopular.com\/?p=492849"},"modified":"2020-07-20T13:41:19","modified_gmt":"2020-07-20T17:41:19","slug":"quito-al-borde-de-un-colapso-del-sistema-de-salud-por-covid-19","status":"publish","type":"post","link":"https:\/\/diarioelpopular.com\/index.php\/2020\/07\/20\/quito-al-borde-de-un-colapso-del-sistema-de-salud-por-covid-19\/","title":{"rendered":"Quito, al borde de un colapso del sistema de salud por covid-19"},"content":{"rendered":"<div id=\"attachment_492850\" style=\"width: 646px\" class=\"wp-caption alignnone\"><img loading=\"lazy\" decoding=\"async\" aria-describedby=\"caption-attachment-492850\" class=\"size-custom-full-size wp-image-492850\" src=\"https:\/\/diarioelpopular.com\/wp-content\/uploads\/2020\/07\/5f0ef78a4309f-636x318.jpeg\" alt=\"\" width=\"636\" height=\"318\" \/><p id=\"caption-attachment-492850\" class=\"wp-caption-text\"><em>Miembros de la polic\u00eda criminal\u00edstica proceden a cerrar un f\u00e9retro que contiene el cuerpo de un anciano que muri\u00f3 en un taxi en Quito (Ecuador) con sospecha de covid-19.<\/em><\/p><\/div>\n<h4><em><strong>La capital de Ecuador presenta las cifras m\u00e1s altas de contagios del pa\u00eds<\/strong><\/em><\/h4>\n<p>&nbsp;<\/p>\n<p id=\"p519970-m603-602-604\" class=\"contenido\">Con 10.599, de los 74.013 infectados de <a href=\"https:\/\/www.eltiempo.com\/noticias\/coronavirus\">covid-19<\/a> en Ecuador, Quito es ahora el epicentro de la pandemia en el pa\u00eds. El sistema hospitalario est\u00e1 colapsado, centenares de pacientes esperan atenci\u00f3n m\u00e9dica, diagn\u00f3sticos, resultados de pruebas o una cama de hospitalizaci\u00f3n. A\u00fan m\u00e1s grave, hay una larga lista de espera para el ingreso a una unidad de cuidados intensivos (UCI).<\/p>\n<p id=\"p519970-m647-2-648\" class=\"contenido\">El alcalde de la ciudad, Jorge Yunda, le dijo a EL TIEMPO que <a href=\"https:\/\/www.eltiempo.com\/noticias\/ecuador\">Quito<\/a> vive una dura realidad \u201ccon un sistema sanitario totalmente repleto. No hay disponibilidad de camas, ni en los hospitales p\u00fablicos ni privados, no hay disponibilidad de unidades de cuidados intensivos; esa es la realidad que hoy estamos enfrentando\u201d.<\/p>\n<p id=\"p519970-m653-3-654\" class=\"contenido\">La crisis sanitaria se incrementa d\u00eda a d\u00eda. El 3 de junio, en la transici\u00f3n de sem\u00e1foro rojo a amarillo, la provincia de Pichincha, cuya capital es Quito, registraba el 13 por ciento de contagios a nivel nacional. Actualmente el porcentaje es 18,08 por ciento. Alrededor de 50 instituciones p\u00fablicas que retomaron parcialmente las actividades registran contagios entre sus empleados y otras han decidido volver al <a href=\"https:\/\/www.eltiempo.com\/noticias\/teletrabajo\">teletrabajo<\/a>para evitar la propagaci\u00f3n.<\/p>\n<div id=\"p519970-m659-4-660\" class=\"articulo-quote\">\n<div class=\"quote-bk\">\n<p id=\"m664-663-665\" class=\"mensaje\">Con un sistema sanitario totalmente repleto. No hay disponibilidad de camas, ni en los hospitales p\u00fablicos ni privados, no hay disponibilidad de unidades de cuidados intensivos\u201d<\/p>\n<\/div>\n<div class=\"texto_redes4 compartir-quote\"><\/div>\n<\/div>\n<p id=\"p519970-m683-5-684\" class=\"contenido\">Quito, con 2,8 millones de habitantes, ha iniciado un pico de contagios cuya explosi\u00f3n m\u00e1xima se registrar\u00eda en agosto con un incremento del 100 al 150 por ciento de los casos actuales, a decir de expertos como el m\u00e9dico epidemi\u00f3logo Alberto Narv\u00e1ez, que pide a las autoridades retornar a Quito al sem\u00e1foro rojo, por tres semanas, \u201cpara evitar el genocidio\u201d.<\/p>\n<p>En di\u00e1logo con este medio, el especialista, que dirige brigadas de b\u00fasquedas activas de casos en los barrios con mayor n\u00famero de infectados en la ciudad, insiste en tomar alternativas urgentes como regresar a un estricto sem\u00e1foro rojo por tres semanas, el control intensivo, cuarentena de los infectados y sus entornos familiares y de contacto, y el aislamiento selectivo de parroquias y barrios m\u00e1s afectados.<\/p>\n<p>(<a href=\"https:\/\/www.eltiempo.com\/cultura\/gente\/coronavirus-mi-esposo-murio-de-covid-y-su-cadaver-me-lo-dieron-4-meses-despues-518986\">Lea tambi\u00e9n:\u00a0&#8216;Mi esposo muri\u00f3 de covid y su cad\u00e1ver me lo dieron 4 meses despu\u00e9s&#8217;<\/a>)<\/p>\n<p>Fernando Cornejo Le\u00f3n relata que un familiar cercano regres\u00f3 a laborar el 3 de junio, cuando se decret\u00f3 el cambio de sem\u00e1foro de rojo a amarillo para la ciudad. Pocos d\u00edas despu\u00e9s present\u00f3 s\u00edntomas de la pandemia. Se realiz\u00f3 las pruebas en un hospital p\u00fablico, pero han pasado 12 d\u00edas y los resultados no llegan. Se realiz\u00f3 el test en un laboratorio privado, donde los costos fluct\u00faan entre 110 y 130 d\u00f3lares, para confirmar un diagn\u00f3stico predecible: paciente positivo de coronavirus, y adopt\u00f3 medidas sanitarias y de aislamiento porque nunca lleg\u00f3 el apoyo sanitario.<\/p>\n<p>Este parecer\u00eda ser un testimonio de los muchos que hoy se difunden en pantallas y peri\u00f3dicos ecuatorianos, pero Fernando Cornejo fue viceministro de Salud, es reconocido m\u00e9dico psiquiatra, investigador y acad\u00e9mico. En di\u00e1logo con EL TIEMPO relata la cercana vivencia y cuestiona el manejo sanitario que se ha dado a la pandemia en Ecuador. \u201cNo se han tomado suficientes pruebas, no se han realizado cercos epidemiol\u00f3gicos, se han delegado decisiones parciales a los municipios del pa\u00eds que, en muchos casos, no son aprobadas por el Comit\u00e9 de Operaciones de Emergencia (COE). En definitiva, no hay control de la enfermedad como se plantea desde el oficialismo\u201d, puntualiz\u00f3.<\/p>\n<p>Quito tiene 600 fallecidos por la pandemia. 133 cuerpos han sido levantados por criminal\u00edstica en casas, autos y calles, hechos que evidencian el lento pero progresivo contagio, relacionado, en la mayor\u00eda de casos, con movilizaciones y concentraciones en barrios populares de la ciudad, lo que oblig\u00f3 a patrullajes con el apoyo de las Fuerzas Armadas.<\/p>\n<p>El director del Sistema de Emergencias ECU-911, Juan Zapata, cuestiona la actitud ciudadana como un ingrediente peligroso para el incremento del contagio. La capital ocupa los primeros lugares en aglomeraciones, fiestas, libadores, esc\u00e1ndalos, entre otros indicadores que evidencian desacato, irresponsabilidad ciudadana, falta de conciencia al no usar mascarilla o irrespeto al distanciamiento social.<\/p>\n","protected":false},"excerpt":{"rendered":"<p>La capital de Ecuador presenta las cifras m\u00e1s altas de contagios del pa\u00eds &nbsp; Con 10.599, de los 74.013 infectados de covid-19 en Ecuador, Quito&hellip;<\/p>\n","protected":false},"author":99,"featured_media":0,"comment_status":"open","ping_status":"open","sticky":false,"template":"","format":"standard","meta":{"footnotes":""},"categories":[23],"tags":[],"class_list":["post-492849","post","type-post","status-publish","format-standard","hentry","category-latinoamerica"],"_links":{"self":[{"href":"https:\/\/diarioelpopular.com\/index.php\/wp-json\/wp\/v2\/posts\/492849","targetHints":{"allow":["GET"]}}],"collection":[{"href":"https:\/\/diarioelpopular.com\/index.php\/wp-json\/wp\/v2\/posts"}],"about":[{"href":"https:\/\/diarioelpopular.com\/index.php\/wp-json\/wp\/v2\/types\/post"}],"author":[{"embeddable":true,"href":"https:\/\/diarioelpopular.com\/index.php\/wp-json\/wp\/v2\/users\/99"}],"replies":[{"embeddable":true,"href":"https:\/\/diarioelpopular.com\/index.php\/wp-json\/wp\/v2\/comments?post=492849"}],"version-history":[{"count":1,"href":"https:\/\/diarioelpopular.com\/index.php\/wp-json\/wp\/v2\/posts\/492849\/revisions"}],"predecessor-version":[{"id":492851,"href":"https:\/\/diarioelpopular.com\/index.php\/wp-json\/wp\/v2\/posts\/492849\/revisions\/492851"}],"wp:attachment":[{"href":"https:\/\/diarioelpopular.com\/index.php\/wp-json\/wp\/v2\/media?parent=492849"}],"wp:term":[{"taxonomy":"category","embeddable":true,"href":"https:\/\/diarioelpopular.com\/index.php\/wp-json\/wp\/v2\/categories?post=492849"},{"taxonomy":"post_tag","embeddable":true,"href":"https:\/\/diarioelpopular.com\/index.php\/wp-json\/wp\/v2\/tags?post=492849"}],"curies":[{"name":"wp","href":"https:\/\/api.w.org\/{rel}","templated":true}]}}