{"id":492857,"date":"2020-07-20T22:34:36","date_gmt":"2020-07-21T02:34:36","guid":{"rendered":"https:\/\/diarioelpopular.com\/?p=492857"},"modified":"2020-07-20T22:34:36","modified_gmt":"2020-07-21T02:34:36","slug":"derecha-chilena-profundiza-su-quiebre","status":"publish","type":"post","link":"https:\/\/diarioelpopular.com\/index.php\/2020\/07\/20\/derecha-chilena-profundiza-su-quiebre\/","title":{"rendered":"Derecha chilena profundiza su quiebre"},"content":{"rendered":"<div id=\"attachment_492858\" style=\"width: 486px\" class=\"wp-caption alignnone\"><img loading=\"lazy\" decoding=\"async\" aria-describedby=\"caption-attachment-492858\" class=\"size-custom-full-size wp-image-492858\" src=\"https:\/\/diarioelpopular.com\/wp-content\/uploads\/2020\/07\/85c126ff3fc3c6caa0bd7fe9ef8b3e0e.jpg\" alt=\"\" width=\"476\" height=\"317\" \/><p id=\"caption-attachment-492858\" class=\"wp-caption-text\"><em>Derecha chilena profundiza su quiebre (foto: EPA)<\/em><\/p><\/div>\n<p><em><strong>SANTIAGO DE CHILE, 20 JUL &#8211;<\/strong> <\/em>Cinco senadores de la coalici\u00f3n de gobierno anunciaron hoy su apoyo al proyecto que permite el retiro del 10% de los fondos de pensiones con motivo de la crisis sanitaria del coronavirus.<br \/>\nEl Ejecutivo cre\u00eda que en el Senado tendr\u00eda la oportunidad de contener la iniciativa que le ha provocado el mayor golpe al gobierno de Sebasti\u00e1n Pi\u00f1era, al punto de que algunos analistas afirman que ya no s\u00f3lo se encuentra en el a\u00f1o del &#8216;pato cojo&#8217; sino que se acab\u00f3 el gobierno.<br \/>\nA la oposici\u00f3n le basta conseguir dos votos opositores para asegurar la aprobaci\u00f3n del proyecto que ni en el pensamiento m\u00e1s radical exist\u00eda la posibilidad de ver que un proyecto as\u00ed pudiera avanzar en el Congreso. Ni las presiones del empresariado, ni ministros del propio Pi\u00f1era han servido para dar vuelta un sentimiento nacional, donde el 84% de la poblaci\u00f3n est\u00e1 de acuerdo en poder disponer del 10% de sus ahorros de capitalizaci\u00f3n individual, m\u00e1s a\u00fan en tiempos de crisis sanitaria, la cual ha provocado desempleo, baja de remuneraciones, inseguridad y pobreza.<br \/>\nHoy se conoci\u00f3 al quinto legislador de Gobierno que va a votar a favor del 10%. Se trata de Jos\u00e9 Miguel Durana, militante de a Uni\u00f3n Dem\u00f3crata Independiente (UDI), quien declar\u00f3 a radio Duna que est\u00e1 &#8220;muy abierto&#8221; a votar a favor. &#8220;Si la votaci\u00f3n fuese en una hora m\u00e1s, habr\u00eda cinco parlamentarios de Chile Vamos que votar\u00edan a favor del retiro del 10%&#8221;, asegur\u00f3.<br \/>\nEntre sus fundamentos, se\u00f1al\u00f3 que: &#8220;hoy lo que importa es que lleguemos con alguna soluci\u00f3n o ayuda concreta a los chilenos que la est\u00e1n pasando mal&#8221;.<br \/>\nSostuvo adem\u00e1s que los proyectos del Gobierno no son malos, s\u00f3lo que &#8220;no tienen cobertura&#8221; y, en cambio, &#8220;efectivamente el plan del retiro del 10% tiene cobertura&#8221;.<br \/>\nConsultado por el riesgo de que su fuerza pol\u00edtica lo pase al tribunal supremo, indic\u00f3 que &#8220;no voy a renunciar a la UDI, he llevado sus banderas durante 30 a\u00f1os&#8221;.<br \/>\nJunto con Durana, votar\u00e1n a favor los senadores tambi\u00e9n UDI, David Sandoval e Iv\u00e1n Moreira y de Renovaci\u00f3n Nacional, Juan Castro y Manuel Jos\u00e9 Ossand\u00f3n. De esta forma habr\u00eda 29 votos a favor del proyecto, tres m\u00e1s del m\u00ednimo necesario. Este lunes, el texto es analizado por la comisi\u00f3n de Constituci\u00f3n donde est\u00e1n los votos para ser aprobado y ma\u00f1ana martes ser\u00eda votado en la sala.<br \/>\nTodo el fin de semana, el despliegue del gobierno fue intenso para intentar dar vuelta los votos. Pero pareciera que mientras m\u00e1s esfuerzos hace, m\u00e1s profunda es la crisis en que se envuelve. El domingo, Luis Larra\u00edn Matte renunci\u00f3 a la presidencia del partido Evopoli, tambi\u00e9n de gobierno, y al cual pertenece los j\u00f3venes ministros del Interior y Hacienda, Gonzalo Blumel e Ignacio Briones. La presidenta de la UDI, Jacqueline van Rysselberghe, ha hecho recaer en ellos toda la responsabilidad del avance del proyecto, que da un golpe al ment\u00f3n al modelo neoliberal econ\u00f3mico heredado de la dictadura: Un fondo de pensiones privado, de capitalizaci\u00f3n individual, que hoy maneja m\u00e1s de 200 mil millones de d\u00f3lares, equivalente al 80% del PIB chileno.<br \/>\nEl argumento del Gobierno para oponerse al proyecto ha ido variando desde que se altera el objetivo de un r\u00e9gimen previsional, que genera pensiones m\u00e1s bajas que las actuales, y ahora dice que el Fisco dejar\u00e1 de percibir impuestos por alrededor de 12 mil millones de d\u00f3lares y, que al rev\u00e9s de lo que plantea la oposici\u00f3n, favorece a las clases m\u00e1s pudientes en desmedro de los m\u00e1s pobres.<br \/>\nEn c\u00e1lculos de economistas opositores, las pensiones en el futuro se ver\u00edan afectadas entre 25 y 35 d\u00f3lares mensuales. Es decir, a un promedio de pensiones mensuales de 359 d\u00f3lares, quedar\u00eda en 327 d\u00f3lares.<\/p>\n","protected":false},"excerpt":{"rendered":"<p>SANTIAGO DE CHILE, 20 JUL &#8211; Cinco senadores de la coalici\u00f3n de gobierno anunciaron hoy su apoyo al proyecto que permite el retiro del 10%&hellip;<\/p>\n","protected":false},"author":99,"featured_media":0,"comment_status":"open","ping_status":"open","sticky":false,"template":"","format":"standard","meta":{"footnotes":""},"categories":[23],"tags":[],"class_list":["post-492857","post","type-post","status-publish","format-standard","hentry","category-latinoamerica"],"_links":{"self":[{"href":"https:\/\/diarioelpopular.com\/index.php\/wp-json\/wp\/v2\/posts\/492857","targetHints":{"allow":["GET"]}}],"collection":[{"href":"https:\/\/diarioelpopular.com\/index.php\/wp-json\/wp\/v2\/posts"}],"about":[{"href":"https:\/\/diarioelpopular.com\/index.php\/wp-json\/wp\/v2\/types\/post"}],"author":[{"embeddable":true,"href":"https:\/\/diarioelpopular.com\/index.php\/wp-json\/wp\/v2\/users\/99"}],"replies":[{"embeddable":true,"href":"https:\/\/diarioelpopular.com\/index.php\/wp-json\/wp\/v2\/comments?post=492857"}],"version-history":[{"count":1,"href":"https:\/\/diarioelpopular.com\/index.php\/wp-json\/wp\/v2\/posts\/492857\/revisions"}],"predecessor-version":[{"id":492859,"href":"https:\/\/diarioelpopular.com\/index.php\/wp-json\/wp\/v2\/posts\/492857\/revisions\/492859"}],"wp:attachment":[{"href":"https:\/\/diarioelpopular.com\/index.php\/wp-json\/wp\/v2\/media?parent=492857"}],"wp:term":[{"taxonomy":"category","embeddable":true,"href":"https:\/\/diarioelpopular.com\/index.php\/wp-json\/wp\/v2\/categories?post=492857"},{"taxonomy":"post_tag","embeddable":true,"href":"https:\/\/diarioelpopular.com\/index.php\/wp-json\/wp\/v2\/tags?post=492857"}],"curies":[{"name":"wp","href":"https:\/\/api.w.org\/{rel}","templated":true}]}}