{"id":492863,"date":"2020-07-20T22:39:04","date_gmt":"2020-07-21T02:39:04","guid":{"rendered":"https:\/\/diarioelpopular.com\/?p=492863"},"modified":"2020-07-20T22:39:04","modified_gmt":"2020-07-21T02:39:04","slug":"preven-peor-situacion-para-oeste-de-bolivia","status":"publish","type":"post","link":"https:\/\/diarioelpopular.com\/index.php\/2020\/07\/20\/preven-peor-situacion-para-oeste-de-bolivia\/","title":{"rendered":"Prev\u00e9n peor situaci\u00f3n para oeste de Bolivia"},"content":{"rendered":"<div id=\"attachment_492864\" style=\"width: 310px\" class=\"wp-caption alignnone\"><img loading=\"lazy\" decoding=\"async\" aria-describedby=\"caption-attachment-492864\" class=\"size-medium wp-image-492864\" src=\"https:\/\/diarioelpopular.com\/wp-content\/uploads\/2020\/07\/98d80f54f828189469a60285031855cb-300x200.jpg\" alt=\"\" width=\"300\" height=\"200\" \/><p id=\"caption-attachment-492864\" class=\"wp-caption-text\"><em>Prev\u00e9n peor situaci\u00f3n para oeste de Bolivia (foto: EPA)<\/em><\/p><\/div>\n<h4><em><strong>Aumentan los casos y los comportamientos inapropiados<\/strong><\/em><\/h4>\n<p>&nbsp;<\/p>\n<p><em><strong>LA PAZ, 20 JUL &#8211;<\/strong><\/em> El ministerio de Salud de Bolivia estima que la situaci\u00f3n de Covid-19 en el oeste del pa\u00eds empeorar\u00e1 en los pr\u00f3ximos d\u00edas.<br \/>\nLa Paz (oeste) es ahora la regi\u00f3n que reporta las tasas de nuevas infecciones, y su poblaci\u00f3n requiere atenci\u00f3n m\u00e9dica en centros casi abarrotados en todo el pa\u00eds. &#8220;La situaci\u00f3n empeorar\u00e1 en el oeste, porque estamos viendo un crecimiento muy r\u00e1pido (de los casos), con comportamientos inapropiados, incluso cr\u00edticas de poblaci\u00f3n contra las medidas tomadas&#8221;, dijo Virgil Prieto, jefe nacional de Epidemiolog\u00eda del ministerio, inform\u00f3 el diario El Deber.<br \/>\nBolivia registr\u00f3 hasta ahora 59.582 casos confirmados de coronavirus, 2.151 muertos y 8.553 sanados, con los departamentos (provincias) de La Paz, Santa Cruz de la Sierra, Cochabamba y Tarija que registraron el mayor n\u00famero de casos en el pa\u00eds.<br \/>\n&#8220;Los casos se redoblen cada semana en un per\u00edodo m\u00e1s breve, y la situaci\u00f3n se est\u00e1 difundiendo sobre todo el territorio, pero sobre todo en La Paz, Cochabamba, Santa Cruz de la Sierra mantienen un n\u00famero elevado de casos&#8221;, a\u00f1adi\u00f3 el funcionario.<br \/>\nEl domingo el ministerio emiti\u00f3 algunas directivas vinculadas a las hospitalizaciones y dados de alta de los pacientes con coronavirus, estableciendo que no es necesario un test positivo para recibir atenci\u00f3n m\u00e9dica y que, despu\u00e9s de 14 d\u00edas, sobre la base de criterios m\u00e9dicos, los pacientes pueden ser dados de alta del hospital o por el centro de aislamiento. &#8220;Cualquier persona que tenga s\u00edntomas debe ser curados o recibir atenci\u00f3n, pero el tratamiento debe comenzar r\u00e1pidamente.<br \/>\nSi el caso es tratado en los primeros d\u00edas, la posibilidad de reducir la enfermedad se eleva al 90%&#8221;, concluy\u00f3 Prieto.<\/p>\n","protected":false},"excerpt":{"rendered":"<p>Aumentan los casos y los comportamientos inapropiados &nbsp; LA PAZ, 20 JUL &#8211; El ministerio de Salud de Bolivia estima que la situaci\u00f3n de Covid-19&hellip;<\/p>\n","protected":false},"author":99,"featured_media":0,"comment_status":"open","ping_status":"open","sticky":false,"template":"","format":"standard","meta":{"footnotes":""},"categories":[23],"tags":[],"class_list":["post-492863","post","type-post","status-publish","format-standard","hentry","category-latinoamerica"],"_links":{"self":[{"href":"https:\/\/diarioelpopular.com\/index.php\/wp-json\/wp\/v2\/posts\/492863","targetHints":{"allow":["GET"]}}],"collection":[{"href":"https:\/\/diarioelpopular.com\/index.php\/wp-json\/wp\/v2\/posts"}],"about":[{"href":"https:\/\/diarioelpopular.com\/index.php\/wp-json\/wp\/v2\/types\/post"}],"author":[{"embeddable":true,"href":"https:\/\/diarioelpopular.com\/index.php\/wp-json\/wp\/v2\/users\/99"}],"replies":[{"embeddable":true,"href":"https:\/\/diarioelpopular.com\/index.php\/wp-json\/wp\/v2\/comments?post=492863"}],"version-history":[{"count":1,"href":"https:\/\/diarioelpopular.com\/index.php\/wp-json\/wp\/v2\/posts\/492863\/revisions"}],"predecessor-version":[{"id":492865,"href":"https:\/\/diarioelpopular.com\/index.php\/wp-json\/wp\/v2\/posts\/492863\/revisions\/492865"}],"wp:attachment":[{"href":"https:\/\/diarioelpopular.com\/index.php\/wp-json\/wp\/v2\/media?parent=492863"}],"wp:term":[{"taxonomy":"category","embeddable":true,"href":"https:\/\/diarioelpopular.com\/index.php\/wp-json\/wp\/v2\/categories?post=492863"},{"taxonomy":"post_tag","embeddable":true,"href":"https:\/\/diarioelpopular.com\/index.php\/wp-json\/wp\/v2\/tags?post=492863"}],"curies":[{"name":"wp","href":"https:\/\/api.w.org\/{rel}","templated":true}]}}