{"id":492869,"date":"2020-07-20T22:42:18","date_gmt":"2020-07-21T02:42:18","guid":{"rendered":"https:\/\/diarioelpopular.com\/?p=492869"},"modified":"2020-07-20T22:42:18","modified_gmt":"2020-07-21T02:42:18","slug":"confirman-la-pena-del-expresidente-correa","status":"publish","type":"post","link":"https:\/\/diarioelpopular.com\/index.php\/2020\/07\/20\/confirman-la-pena-del-expresidente-correa\/","title":{"rendered":"Confirman la pena del expresidente Correa"},"content":{"rendered":"<div id=\"attachment_492870\" style=\"width: 310px\" class=\"wp-caption alignnone\"><img loading=\"lazy\" decoding=\"async\" aria-describedby=\"caption-attachment-492870\" class=\"size-medium wp-image-492870\" src=\"https:\/\/diarioelpopular.com\/wp-content\/uploads\/2020\/07\/c7e23278833133234164f61fb44335b4-300x200.jpg\" alt=\"\" width=\"300\" height=\"200\" \/><p id=\"caption-attachment-492870\" class=\"wp-caption-text\"><em>Confirman la pena del expresidente de Ecuador Rafael Correa (foto: EPA)<\/em><\/p><\/div>\n<p><em><strong>QUITO, 20 JUL &#8211;<\/strong><\/em> La Corte Nacional de Justicia de Ecuador, el tribunal supremo del pa\u00eds, rechaz\u00f3 la apelaci\u00f3n presentada por el expresidente ecuatoriano Rafael Correa y confirm\u00f3 su condena de ocho a\u00f1os de c\u00e1rcel por corrupci\u00f3n en el caso conocido como &#8220;caso Sobornos&#8221;.<br \/>\nAdem\u00e1s la Corte confirm\u00f3 las sentencias del vicepresidente Jorge Glas y de los miembros del gobierno de Correa Vinicio Alvarado, Alexis Mera, Viviana Bonilla, Christian Viteri, Mar\u00eda de los Angeles Duarte, Laura Ter\u00e1n y Pamela Mart\u00ednez, inform\u00f3 el portal del diario El Comercio.<br \/>\nCorrea fue presidente de Ecuador entre 2007 y 2017 y est\u00e1 actualmente exiliado en B\u00e9lgica, pa\u00eds de origen de su esposa Anne Malherbe Gosseline.<br \/>\nUn total de 18 personas, entre ellos 10 empresarios, fueron considerados culpables en el caso y fueron condenados a 8 a\u00f1os de prisi\u00f3n.<br \/>\nEn el hecho, Correa es acusado de haber conducido una &#8220;estructura jer\u00e1rquica&#8221; para obtener fondos de diversas empresas para financiar algunas campa\u00f1as electorales del partido Alianza Pa\u00eds, a cambio de las adjudicaciones estatales de obras de infraestructura.<br \/>\nLa sentencia inicial sobre el caso fue emitida el pasado 7 de abril. En esa ocasi\u00f3n los imputados, entre ellos Correa y su vicepresidente Glas, fueron encontrados culpables de corrupci\u00f3n agravada y condenados a 8 a\u00f1os de c\u00e1rcel y a 25 a\u00f1os de interdicci\u00f3n pol\u00edtica.<br \/>\nEl expresidente defini\u00f3 la sentencia de abril como &#8220;una payasada&#8221;.<\/p>\n","protected":false},"excerpt":{"rendered":"<p>QUITO, 20 JUL &#8211; La Corte Nacional de Justicia de Ecuador, el tribunal supremo del pa\u00eds, rechaz\u00f3 la apelaci\u00f3n presentada por el expresidente ecuatoriano Rafael&hellip;<\/p>\n","protected":false},"author":99,"featured_media":0,"comment_status":"open","ping_status":"open","sticky":false,"template":"","format":"standard","meta":{"footnotes":""},"categories":[23],"tags":[],"class_list":["post-492869","post","type-post","status-publish","format-standard","hentry","category-latinoamerica"],"_links":{"self":[{"href":"https:\/\/diarioelpopular.com\/index.php\/wp-json\/wp\/v2\/posts\/492869","targetHints":{"allow":["GET"]}}],"collection":[{"href":"https:\/\/diarioelpopular.com\/index.php\/wp-json\/wp\/v2\/posts"}],"about":[{"href":"https:\/\/diarioelpopular.com\/index.php\/wp-json\/wp\/v2\/types\/post"}],"author":[{"embeddable":true,"href":"https:\/\/diarioelpopular.com\/index.php\/wp-json\/wp\/v2\/users\/99"}],"replies":[{"embeddable":true,"href":"https:\/\/diarioelpopular.com\/index.php\/wp-json\/wp\/v2\/comments?post=492869"}],"version-history":[{"count":1,"href":"https:\/\/diarioelpopular.com\/index.php\/wp-json\/wp\/v2\/posts\/492869\/revisions"}],"predecessor-version":[{"id":492871,"href":"https:\/\/diarioelpopular.com\/index.php\/wp-json\/wp\/v2\/posts\/492869\/revisions\/492871"}],"wp:attachment":[{"href":"https:\/\/diarioelpopular.com\/index.php\/wp-json\/wp\/v2\/media?parent=492869"}],"wp:term":[{"taxonomy":"category","embeddable":true,"href":"https:\/\/diarioelpopular.com\/index.php\/wp-json\/wp\/v2\/categories?post=492869"},{"taxonomy":"post_tag","embeddable":true,"href":"https:\/\/diarioelpopular.com\/index.php\/wp-json\/wp\/v2\/tags?post=492869"}],"curies":[{"name":"wp","href":"https:\/\/api.w.org\/{rel}","templated":true}]}}