{"id":492873,"date":"2020-07-21T11:14:28","date_gmt":"2020-07-21T15:14:28","guid":{"rendered":"https:\/\/diarioelpopular.com\/?p=492873"},"modified":"2020-07-21T11:14:28","modified_gmt":"2020-07-21T15:14:28","slug":"ontario-informa-203-nuevos-casos-de-coronavirus-el-mayor-aumento-en-un-solo-dia-en-3-semanas","status":"publish","type":"post","link":"https:\/\/diarioelpopular.com\/index.php\/2020\/07\/21\/ontario-informa-203-nuevos-casos-de-coronavirus-el-mayor-aumento-en-un-solo-dia-en-3-semanas\/","title":{"rendered":"Ontario informa 203 nuevos casos de coronavirus, el mayor aumento en un solo d\u00eda en 3 semanas"},"content":{"rendered":"<p>&nbsp;<\/p>\n<p><img loading=\"lazy\" decoding=\"async\" class=\"size-medium wp-image-492876\" src=\"https:\/\/diarioelpopular.com\/wp-content\/uploads\/2020\/07\/GettyImages-1211906189-300x200.jpg\" alt=\"\" width=\"300\" height=\"200\" \/><\/p>\n<p><em>Actualizado martes 21 de julio de 2020 10:51 am<\/em><\/p>\n<p>&nbsp;<\/p>\n<h4><em><strong>&#8211; Ontario report\u00f3 203 nuevos casos este martes, lo que eleva el total provincial a 37,942.<\/strong><\/em><\/h4>\n<h4><em><strong>&#8211; Encuesta sugiere que los padres quieren que los estudiantes se pongan m\u00e1scaras en la escuela en oto\u00f1o<\/strong><\/em><\/h4>\n<p>TORONTO.- El n\u00famero de caso marca el mayor aumento de casos en un per\u00edodo de 24 horas en tres semanas, desde el 29 de junio, que registr\u00f3 257 casos.<\/p>\n<p>&#8220;El aumento de hoy es el resultado de aumentos localizados&#8221;, dijo la ministra de Salud de Ontario, Christine Elliott, en un tuit este martes por la ma\u00f1ana. &#8220;Mirando la edad de los nuevos casos de hoy, 116 de ellos o el 57 por ciento tienen 39 a\u00f1os o menos&#8221;.<\/p>\n<p>El n\u00famero de decesos en la provincia ha aumentado a 2.753, ya que se inform\u00f3 una nueva muerte.<\/p>\n<p>Mientras tanto, 33,605 habitantes de Ontario se han recuperado de COVID-19, la enfermedad causada por el virus, que es el 88 por ciento de los casos.<\/p>\n<p>El informe del martes indica que la mayor\u00eda de los casos nuevos provienen de la Regi\u00f3n Peel, con 57 casos nuevos. Ottawa vio 43 casos m\u00e1s, Toronto report\u00f3 30 casos nuevos, Windsor-Essex tuvo 24 casos m\u00e1s y la Regi\u00f3n de York report\u00f3 10 casos nuevos adicionales.<\/p>\n<p>Todas las dem\u00e1s unidades de salud p\u00fablica en Ontario informaron cero o menos de 10 casos nuevos.<\/p>\n<p>Si bien un d\u00eda de datos, el aumento de hoy es preocupante. Los habitantes de Ontario de todas las edades deben seguir adhiri\u00e9ndose a las pautas de salud p\u00fablica: mantener solo un c\u00edrculo social de 10 personas, distanciarse f\u00edsicamente de cualquier persona fuera de \u00e9l y cubrirse la cara cuando eso sea un desaf\u00edo.<\/p>\n<p>Ontario ha completado 1,910,109 pruebas hasta ahora para el virus. Esto es hasta 22,974 pruebas del d\u00eda anterior. Hay 11.842 personas actualmente bajo investigaci\u00f3n en espera de los resultados de las pruebas.<\/p>\n<p>Ontario tiene 120 personas hospitalizadas debido a COVID-19 (hasta cinco en comparaci\u00f3n con el d\u00eda anterior), con 36 pacientes en una unidad de cuidados intensivos y 23 pacientes en UCI con un ventilador.<\/p>\n<p>Los nuevos n\u00fameros reportados son v\u00e1lidos a partir de las 2 p.m. Lunes para las unidades de salud p\u00fablica de Toronto, Ottawa y Middlesex-Londres y 4 p.m. Lunes para el resto de la provincia.<\/p>\n<p>Seg\u00fan el Ministerio de Atenci\u00f3n a Largo Plazo, se han reportado 1,841 muertes entre residentes y pacientes en hogares de atenci\u00f3n a largo plazo en Ontario, sin cambios desde el d\u00eda anterior, y hay 16 brotes actuales. Siete trabajadores de la salud en hogares de cuidado a largo plazo han muerto.<\/p>\n<p>El ministerio tambi\u00e9n indic\u00f3 que actualmente hay 32 casos activos entre los residentes de atenci\u00f3n a largo plazo y 66 casos activos entre el personal.<\/p>\n<p>&nbsp;<\/p>\n<h4><em><strong>Encuesta sugiere que los padres quieren que los estudiantes se pongan m\u00e1scaras en la escuela en oto\u00f1o<\/strong><\/em><\/h4>\n<p><img loading=\"lazy\" decoding=\"async\" class=\"alignnone size-medium wp-image-492874\" src=\"https:\/\/diarioelpopular.com\/wp-content\/uploads\/2020\/07\/facemasks-covid-april29-e1588182723970-300x169.jpg\" alt=\"\" width=\"300\" height=\"169\" \/><\/p>\n<p>Casi dos tercios de los padres en una nueva encuesta dicen que creen que los ni\u00f1os que regresan a la escuela en oto\u00f1o deben usar m\u00e1scaras al menos parte del tiempo.<\/p>\n<p>La \u00faltima encuesta sobre la pandemia COVID-19 realizada por Leger y la Asociaci\u00f3n de Estudios Canadienses encontr\u00f3 que el 41 por ciento de los encuestados cree que los ni\u00f1os en edad escolar deben usar una m\u00e1scara mientras est\u00e1n en el autob\u00fas o en la escuela.<\/p>\n<p>Otro 21 por ciento dijo que s\u00ed a las m\u00e1scaras, pero solo cuando un estudiante est\u00e1 fuera de clase durante el recreo, el almuerzo o si est\u00e1 en el autob\u00fas, lo que sugiere que estaban de acuerdo con que los estudiantes se quitaran las m\u00e1scaras una vez en clase y no en \u00e1reas comunes.<\/p>\n<p>Tambi\u00e9n hubo un grupo de encuestados, que representaban el 28 por ciento, que cre\u00edan que las m\u00e1scaras deber\u00edan ser opcionales.<\/p>\n<p>El consejo actual de salud p\u00fablica es que las m\u00e1scaras no m\u00e9dicas pueden contener part\u00edculas infecciosas en el aliento de sus usuarios, lo que reduce el riesgo de contagio de personas con COVID-19 que podr\u00edan no saber que est\u00e1n portando la enfermedad.<\/p>\n<p>La encuesta en l\u00ednea de Leger de 1,524 canadienses mayores de 18 a\u00f1os se realiz\u00f3 del 17 al 19 de julio. No se puede dar un margen de error a la encuesta porque no es una muestra aleatoria.<\/p>\n<p>El vicepresidente de Leger, Christian Bourque, dijo que el apoyo a las m\u00e1scaras en la escuela puede aumentar a medida que m\u00e1s jurisdicciones adopten medidas de m\u00e1scara obligatorias.<\/p>\n<p>Dijo que las normas sociales ya est\u00e1n cambiando, y se\u00f1al\u00f3 la similitud en los n\u00fameros entre los encuestados que dijeron que apoyan las m\u00e1scaras en las escuelas y los que dijeron que usan m\u00e1scaras cuando van a los supermercados.<\/p>\n<p>&#8220;Cuanto m\u00e1s consideremos este potencial para hacer que la m\u00e1scara sea obligatoria, m\u00e1s padres probablemente encontrar\u00e1n que la m\u00e1scara tambi\u00e9n deber\u00eda ser obligatoria&#8221;, dice Bourque.<\/p>\n<p>&#8220;La norma social de que deber\u00edamos usar la m\u00e1scara solo aumentar\u00e1 a medida que nos acerquemos al comienzo real del a\u00f1o escolar&#8221;.<\/p>\n<p>La encuesta sugiere que muchos padres est\u00e1n preocupados desde el punto de vista de la salud por enviar a sus hijos a la escuela o la guarder\u00eda, aunque abundan las preocupaciones econ\u00f3micas sobre los padres que no pueden trabajar si no tienen lugares seguros para que sus hijos est\u00e9n durante la jornada laboral.<\/p>\n<p>El 62% de los encuestados tambi\u00e9n expresaron preocupaci\u00f3n por enviar a sus hijos de regreso a la escuela.<\/p>\n<p>Las preocupaciones fueron m\u00e1s altas en Ontario, donde las escuelas han estado cerradas durante meses, y m\u00e1s bajas en Quebec, que tuvo algunas de las primeras reaperturas de escuelas y guarder\u00edas en el pa\u00eds.<\/p>\n<p>Incluso aquellos que dicen que no est\u00e1n preocupados probablemente tengan preocupaciones de otras maneras, de modo que un ni\u00f1o asintom\u00e1tico podr\u00eda transmitir el nuevo coronavirus a un abuelo, dijo Bourque.<\/p>\n<p>&#8220;La situaci\u00f3n es mucho m\u00e1s compleja que simplemente tener a su hijo o hija en la escuela&#8221;, dijo.<\/p>\n<p>Muchas juntas escolares est\u00e1n trabajando en planes para reabrir escuelas en muchas partes del pa\u00eds que han estado cerradas desde marzo cuando se orden\u00f3 el cierre de la salud p\u00fablica para frenar la propagaci\u00f3n de COVID-19.<\/p>\n<p>Algunos, como Ontario, est\u00e1n considerando semanas h\u00edbridas, en las que grupos de estudiantes est\u00e1n f\u00edsicamente en la escuela parte del tiempo y trabajan en casa o se conectan por video conferencia para el resto.<\/p>\n<p>Los resultados muestran que el 59 por ciento apoy\u00f3 una semana escolar h\u00edbrida. Mientras tanto, el 31 por ciento de los encuestados se opuso a dicho plan.<\/p>\n<p>Alrededor de la mitad de los encuestados en la encuesta dijo que el tama\u00f1o de las clases deber\u00eda reducirse a la mitad de sus n\u00fameros habituales cuando la escuela vuelva a abrir. Otro 20 por ciento cre\u00eda que las clases deber\u00edan ser m\u00e1s peque\u00f1as, un tercio de su tama\u00f1o habitual.<\/p>\n<p>Un poco m\u00e1s de una quinta parte de los encuestados, o el 23 por ciento, le dijo a Leger que el tama\u00f1o de las clases deber\u00eda ser del 100 por ciento de lo que eran antes de los cierres.<\/p>\n<p>&#8220;La mayor\u00eda de la gente espera que volvamos a la escuela, pero no en un tama\u00f1o de clase normal, ni con un horario normal&#8221;, dice Bourque.<\/p>\n","protected":false},"excerpt":{"rendered":"<p>&nbsp; Actualizado martes 21 de julio de 2020 10:51 am &nbsp; &#8211; Ontario report\u00f3 203 nuevos casos este martes, lo que eleva el total provincial&hellip;<\/p>\n","protected":false},"author":99,"featured_media":0,"comment_status":"open","ping_status":"open","sticky":false,"template":"","format":"standard","meta":{"footnotes":""},"categories":[21,11191],"tags":[],"class_list":["post-492873","post","type-post","status-publish","format-standard","hentry","category-canada","category-top-news"],"_links":{"self":[{"href":"https:\/\/diarioelpopular.com\/index.php\/wp-json\/wp\/v2\/posts\/492873","targetHints":{"allow":["GET"]}}],"collection":[{"href":"https:\/\/diarioelpopular.com\/index.php\/wp-json\/wp\/v2\/posts"}],"about":[{"href":"https:\/\/diarioelpopular.com\/index.php\/wp-json\/wp\/v2\/types\/post"}],"author":[{"embeddable":true,"href":"https:\/\/diarioelpopular.com\/index.php\/wp-json\/wp\/v2\/users\/99"}],"replies":[{"embeddable":true,"href":"https:\/\/diarioelpopular.com\/index.php\/wp-json\/wp\/v2\/comments?post=492873"}],"version-history":[{"count":1,"href":"https:\/\/diarioelpopular.com\/index.php\/wp-json\/wp\/v2\/posts\/492873\/revisions"}],"predecessor-version":[{"id":492877,"href":"https:\/\/diarioelpopular.com\/index.php\/wp-json\/wp\/v2\/posts\/492873\/revisions\/492877"}],"wp:attachment":[{"href":"https:\/\/diarioelpopular.com\/index.php\/wp-json\/wp\/v2\/media?parent=492873"}],"wp:term":[{"taxonomy":"category","embeddable":true,"href":"https:\/\/diarioelpopular.com\/index.php\/wp-json\/wp\/v2\/categories?post=492873"},{"taxonomy":"post_tag","embeddable":true,"href":"https:\/\/diarioelpopular.com\/index.php\/wp-json\/wp\/v2\/tags?post=492873"}],"curies":[{"name":"wp","href":"https:\/\/api.w.org\/{rel}","templated":true}]}}