{"id":492887,"date":"2020-07-21T21:01:25","date_gmt":"2020-07-22T01:01:25","guid":{"rendered":"https:\/\/diarioelpopular.com\/?p=492887"},"modified":"2020-07-21T21:01:25","modified_gmt":"2020-07-22T01:01:25","slug":"covid-19-se-cobra-primera-victima-en-un-parto-en-chile","status":"publish","type":"post","link":"https:\/\/diarioelpopular.com\/index.php\/2020\/07\/21\/covid-19-se-cobra-primera-victima-en-un-parto-en-chile\/","title":{"rendered":"Covid-19 se cobra primera v\u00edctima en un parto en Chile"},"content":{"rendered":"<div id=\"attachment_492888\" style=\"width: 310px\" class=\"wp-caption alignnone\"><img loading=\"lazy\" decoding=\"async\" aria-describedby=\"caption-attachment-492888\" class=\"size-medium wp-image-492888\" src=\"https:\/\/diarioelpopular.com\/wp-content\/uploads\/2020\/07\/da6f0364494f04b50ef198d4ca214403-300x200.jpg\" alt=\"\" width=\"300\" height=\"200\" \/><p id=\"caption-attachment-492888\" class=\"wp-caption-text\"><em>Covid-19 se cobra primera v\u00edctima en un parto en Chile (foto: EPA)<\/em><\/p><\/div>\n<h4><em><strong>Ten\u00eda 37 semanas de embarazo y su beb\u00e9 no est\u00e1 contagiado<\/strong><\/em><\/h4>\n<p>&nbsp;<\/p>\n<p><em><strong>SANTIAGO DE CHILE, 21 JUL &#8211;<\/strong> <\/em>Una mujer contagiada por coronavirus muri\u00f3 apenas dio a luz a su hijo, convirti\u00e9ndose en el primero caso de este tipo que se presenta en Chile.<br \/>\nEl reci\u00e9n nacido no est\u00e1 infectado, evoluciona favorablemente y permanece a cargo de un familiar pues su padre tambi\u00e9n tiene la enfermedad Covid-19 y vive su cuarentena en una residencia sanitaria en Linares, 300 kil\u00f3metros al sur de Santiago.<br \/>\nLa muerte de la mujer ocurri\u00f3 el pasado viernes, pero su deceso fue confirmado reci\u00e9n ahora por Marlenne Dur\u00e1n, secretaria regional del ministerio de Salud, inform\u00f3 el diario El Centro.<br \/>\n&#8220;Lamentablemente falleci\u00f3 una mujer de 37 semanas de gestaci\u00f3n. Ella ingres\u00f3 al hospital sospechosa de Covid-19. Se realizaron los ex\u00e1menes y sali\u00f3 positivo&#8221;, indic\u00f3 Dur\u00e1n.<br \/>\n&#8220;Se realiz\u00f3 el parto, afortunadamente el beb\u00e9 no est\u00e1 contagiado. El pap\u00e1 est\u00e1 positivo de Covid-19 en una residencia sanitaria. Son situaciones que lamentamos&#8221;, dijo la autoridad de Salud.<br \/>\nLa v\u00edctima ingres\u00f3 al Hospital Base Carlos Ib\u00e1\u00f1ez del Campo el domingo 12 de julio y tras el parto permaneci\u00f3 en el \u00e1rea de cuidados intensivos, muriendo el viernes 17.<br \/>\nSeg\u00fan el ministro de salud, Enrique Paris, lo sucedido &#8220;es un hecho poco frecuente. Sin embargo esta persona falleci\u00f3 de un tromboembolismo masivo y adem\u00e1s ten\u00eda una neumon\u00eda grave con PCR positivo para coronavirus&#8221;.<br \/>\nParis lament\u00f3 el deceso e indic\u00f3 que &#8220;se hicieron todos los esfuerzos posibles para lograr salvarle la vida a esta mam\u00e1, pero desgraciadamente no fue posible&#8221;.<br \/>\nEl ministro, al entregar su balance diario de la pandemia, llam\u00f3 a todas las embarazadas a realizarse sus controles para evitar complicaciones mayores.<br \/>\nParis entreg\u00f3 hoy &#8220;cifras esperanzadoras&#8221; y sostuvo que se sigue &#8220;avanzando paso a paso&#8221; hacia una situaci\u00f3n de normalidad en las \u00faltimas 24 horas.<br \/>\n&#8220;Los casos nuevos son 1.659, el n\u00famero m\u00e1s bajo desde el 12 de mayo en el pa\u00eds y el n\u00famero m\u00e1s bajo desde el 29 de abril en Santiago&#8221;, asever\u00f3.<br \/>\nLa m\u00e1xima autoridad sanitaria subray\u00f3 que la positividad de los ex\u00e1menes PCR descendi\u00f3 a un 13,8%.<br \/>\nInform\u00f3 tambi\u00e9n que en la \u00faltima jornada hubo solo 44 muertes asociadas al Covid- 19 elevando el total a 8.677 decesos desde que se inici\u00f3 la pandemia en marzo.<br \/>\nLos contagios a la fecha, en tanto, suman 334.683 de los cuales 306.816 &#8220;se han recuperado&#8221;, indic\u00f3 el ministerio.<br \/>\nParis no quiso anticipar si las cifras positivas apuntan al fin de la cuarentena y al inicio de la etapa de transici\u00f3n en el Gran Santiago, donde hay ocho millones de personas confinadas.<br \/>\n&#8220;Nosotros quisi\u00e9ramos obviamente que a medida que pasa el tiempo, cumpliendo este programa paso a paso y observando las cifras que muestran una mejor\u00eda constante -una &#8216;leve mejor\u00eda&#8217;, hemos dicho nosotros- pudi\u00e9ramos liberar de la cuarentena a comunas o regiones, porque entendemos que es una medida dolorosa, que cuesta ser implementada y cuesta ser controlada&#8221;, afirm\u00f3.<br \/>\nAclar\u00f3 que en Santiago deber\u00e1 haber un avance homog\u00e9neo en los par\u00e1metros m\u00e9dicos de varias comunas para avanzar hacia el levantamiento del aislamiento obligatorio. &#8220;La decisi\u00f3n se toma en base a una serie de par\u00e1metros y ma\u00f1ana o los domingos comunicaremos, como siempre, esa informaci\u00f3n&#8221;, finaliz\u00f3.<\/p>\n","protected":false},"excerpt":{"rendered":"<p>Ten\u00eda 37 semanas de embarazo y su beb\u00e9 no est\u00e1 contagiado &nbsp; SANTIAGO DE CHILE, 21 JUL &#8211; Una mujer contagiada por coronavirus muri\u00f3 apenas&hellip;<\/p>\n","protected":false},"author":99,"featured_media":0,"comment_status":"open","ping_status":"open","sticky":false,"template":"","format":"standard","meta":{"footnotes":""},"categories":[23],"tags":[],"class_list":["post-492887","post","type-post","status-publish","format-standard","hentry","category-latinoamerica"],"_links":{"self":[{"href":"https:\/\/diarioelpopular.com\/index.php\/wp-json\/wp\/v2\/posts\/492887","targetHints":{"allow":["GET"]}}],"collection":[{"href":"https:\/\/diarioelpopular.com\/index.php\/wp-json\/wp\/v2\/posts"}],"about":[{"href":"https:\/\/diarioelpopular.com\/index.php\/wp-json\/wp\/v2\/types\/post"}],"author":[{"embeddable":true,"href":"https:\/\/diarioelpopular.com\/index.php\/wp-json\/wp\/v2\/users\/99"}],"replies":[{"embeddable":true,"href":"https:\/\/diarioelpopular.com\/index.php\/wp-json\/wp\/v2\/comments?post=492887"}],"version-history":[{"count":1,"href":"https:\/\/diarioelpopular.com\/index.php\/wp-json\/wp\/v2\/posts\/492887\/revisions"}],"predecessor-version":[{"id":492889,"href":"https:\/\/diarioelpopular.com\/index.php\/wp-json\/wp\/v2\/posts\/492887\/revisions\/492889"}],"wp:attachment":[{"href":"https:\/\/diarioelpopular.com\/index.php\/wp-json\/wp\/v2\/media?parent=492887"}],"wp:term":[{"taxonomy":"category","embeddable":true,"href":"https:\/\/diarioelpopular.com\/index.php\/wp-json\/wp\/v2\/categories?post=492887"},{"taxonomy":"post_tag","embeddable":true,"href":"https:\/\/diarioelpopular.com\/index.php\/wp-json\/wp\/v2\/tags?post=492887"}],"curies":[{"name":"wp","href":"https:\/\/api.w.org\/{rel}","templated":true}]}}