{"id":492898,"date":"2020-07-22T14:19:36","date_gmt":"2020-07-22T18:19:36","guid":{"rendered":"https:\/\/diarioelpopular.com\/?p=492898"},"modified":"2020-07-22T14:19:36","modified_gmt":"2020-07-22T18:19:36","slug":"el-covid-19-causa-mas-de-40-000-muertos-en-mexico","status":"publish","type":"post","link":"https:\/\/diarioelpopular.com\/index.php\/2020\/07\/22\/el-covid-19-causa-mas-de-40-000-muertos-en-mexico\/","title":{"rendered":"El Covid-19 causa m\u00e1s de 40.000 muertos en M\u00e9xico"},"content":{"rendered":"<div id=\"attachment_492899\" style=\"width: 310px\" class=\"wp-caption alignnone\"><img loading=\"lazy\" decoding=\"async\" aria-describedby=\"caption-attachment-492899\" class=\"size-medium wp-image-492899\" src=\"https:\/\/diarioelpopular.com\/wp-content\/uploads\/2020\/07\/bf22620dbff7745af2c05000dd1ceece-300x200.jpg\" alt=\"\" width=\"300\" height=\"200\" \/><p id=\"caption-attachment-492899\" class=\"wp-caption-text\"><em>Los muertos en M\u00e9xico por el Covid-19.<\/em><\/p><\/div>\n<h4><em><strong>La cifra de casos confirmados asciende ya a 356.000<\/strong><\/em><\/h4>\n<p>&nbsp;<\/p>\n<p><em><strong>CIUDAD DE MEXICO, 22 JUL &#8211;<\/strong><\/em> M\u00e9xico super\u00f3 la barrera de las 40.000 muertes, mientras la cifra de casos confirmados asciende ya a 356.000, de acuerdo con el m\u00e1s reciente recuento oficial de v\u00edctimas de la pandemia global de Covid-19 en el segundo pa\u00eds con mayor mortandad por el coronavirus.<br \/>\nTuvieron que pasar 18 d\u00edas antes de que la cifra de fatalidades llegara a sus primeras 10.000, el pasado 1 de junio, y 18 d\u00edas para que llegara a las 20.000, pero s\u00f3lo bastaron 16 d\u00edas para que acumulara 30.000, aunque ahora transcurrieron 17 m\u00e1s para llegar a las 40.000.<br \/>\nLas autoridades aseguran que los contagios van en descenso en todo el pa\u00eds, especialmente en la capital y sus alrededores, el principal &#8220;foco rojo&#8221; inicial de la peste.<br \/>\nAhora el epicentro se desplaz\u00f3 a otras zonas del pa\u00eds como el pr\u00f3spero estado norte\u00f1o de Nuevo Le\u00f3n, el occidental de Nayarit y el sure\u00f1o de Tabasco.<br \/>\nPor el momento, se contabilizan 82.866 casos sospechosos y la cifra de recuperados asciende a 227.165.<br \/>\nEl n\u00famero de enfermos activos, capaces de transmitir el virus y que adquirieron la enfermedad en las \u00faltimas dos semanas, es de 48.446 (12% del total), seg\u00fan el director general de Epidemiolog\u00eda del ministerio de Salud, Jos\u00e9 Luis Alom\u00eda.<br \/>\nAunque M\u00e9xico es uno de los pa\u00edses con una de las cuarentenas m\u00e1s largas en el mundo, iniciada el 23 de marzo, desde hace mes y medio comenz\u00f3 lentamente la desescalada pero hasta ahora menos de la mitad de los estados reanud\u00f3 sus actividades en forma limitada y 9 tuvieron que volver a ordenar el confinamiento esta semana.<br \/>\nAlom\u00eda se\u00f1al\u00f3 que la capital est\u00e1 en &#8220;un descenso inicial, pero no en un descenso franco&#8221; pues en los dos \u00faltimos d\u00edas aumentaron ligeramente las hospitalizaciones.<br \/>\nPor lo tanto, renov\u00f3 su llamado a los habitantes de la metr\u00f3poli de 21 millones de personas, a seguir manteniendo medidas de distanciamiento social, uso de barbijos y lavado de manos.<br \/>\nEl funcionario present\u00f3 un &#8220;top ten&#8221; de los municipios del pa\u00eds con m\u00e1s contagios y apareci\u00f3 en primer lugar Piedras Negras, estado norte\u00f1o de Coahuila, fronterizo con Estados Unidos (213 casos por 100.000 habitantes), seguido de Ciudad Valles, estado central de San Luis Potos\u00ed (205).<br \/>\nEl \u00fanico municipio capitalino que figura en el ranking es Milpa Alta, una localidad rural al sur de la Ciudad de M\u00e9xico (123), que se encuentra en octavo lugar).<\/p>\n","protected":false},"excerpt":{"rendered":"<p>La cifra de casos confirmados asciende ya a 356.000 &nbsp; CIUDAD DE MEXICO, 22 JUL &#8211; M\u00e9xico super\u00f3 la barrera de las 40.000 muertes, mientras&hellip;<\/p>\n","protected":false},"author":99,"featured_media":0,"comment_status":"open","ping_status":"open","sticky":false,"template":"","format":"standard","meta":{"footnotes":""},"categories":[23],"tags":[],"class_list":["post-492898","post","type-post","status-publish","format-standard","hentry","category-latinoamerica"],"_links":{"self":[{"href":"https:\/\/diarioelpopular.com\/index.php\/wp-json\/wp\/v2\/posts\/492898","targetHints":{"allow":["GET"]}}],"collection":[{"href":"https:\/\/diarioelpopular.com\/index.php\/wp-json\/wp\/v2\/posts"}],"about":[{"href":"https:\/\/diarioelpopular.com\/index.php\/wp-json\/wp\/v2\/types\/post"}],"author":[{"embeddable":true,"href":"https:\/\/diarioelpopular.com\/index.php\/wp-json\/wp\/v2\/users\/99"}],"replies":[{"embeddable":true,"href":"https:\/\/diarioelpopular.com\/index.php\/wp-json\/wp\/v2\/comments?post=492898"}],"version-history":[{"count":1,"href":"https:\/\/diarioelpopular.com\/index.php\/wp-json\/wp\/v2\/posts\/492898\/revisions"}],"predecessor-version":[{"id":492900,"href":"https:\/\/diarioelpopular.com\/index.php\/wp-json\/wp\/v2\/posts\/492898\/revisions\/492900"}],"wp:attachment":[{"href":"https:\/\/diarioelpopular.com\/index.php\/wp-json\/wp\/v2\/media?parent=492898"}],"wp:term":[{"taxonomy":"category","embeddable":true,"href":"https:\/\/diarioelpopular.com\/index.php\/wp-json\/wp\/v2\/categories?post=492898"},{"taxonomy":"post_tag","embeddable":true,"href":"https:\/\/diarioelpopular.com\/index.php\/wp-json\/wp\/v2\/tags?post=492898"}],"curies":[{"name":"wp","href":"https:\/\/api.w.org\/{rel}","templated":true}]}}