{"id":492905,"date":"2020-07-22T17:59:57","date_gmt":"2020-07-22T21:59:57","guid":{"rendered":"https:\/\/diarioelpopular.com\/?p=492905"},"modified":"2020-07-22T17:59:57","modified_gmt":"2020-07-22T21:59:57","slug":"bolsonaro-vuelve-a-dar-positivo","status":"publish","type":"post","link":"https:\/\/diarioelpopular.com\/index.php\/2020\/07\/22\/bolsonaro-vuelve-a-dar-positivo\/","title":{"rendered":"Bolsonaro vuelve a dar positivo"},"content":{"rendered":"<div id=\"attachment_492906\" style=\"width: 310px\" class=\"wp-caption alignnone\"><img loading=\"lazy\" decoding=\"async\" aria-describedby=\"caption-attachment-492906\" class=\"size-medium wp-image-492906\" src=\"https:\/\/diarioelpopular.com\/wp-content\/uploads\/2020\/07\/ec3a4c772205c6b02672fe3a8702e3a7-300x200.jpg\" alt=\"\" width=\"300\" height=\"200\" \/><p id=\"caption-attachment-492906\" class=\"wp-caption-text\">Jair Bolsonaro (foto: EPA)<\/p><\/div>\n<h4><em><strong>Debe prolongar la cuarentena en Brasilia<\/strong><\/em><\/h4>\n<p>&nbsp;<\/p>\n<p><em><strong>BRASILIA, 22 JUL \u2013<\/strong><\/em> El presidente brasile\u00f1o, Jair Bolsonaro, dio positivo por tercera vez en el nuevo test al que fue sometido este martes, por lo cual deber\u00e1 permanece aislado en el Paladio de Alvorada, en Brasilia, inform\u00f3 radio Bandei.<br \/>\nEl mandatario se practic\u00f3 el tercer examen desde aquel que se hizo el 6 de julio pasado, cuando se confirm\u00f3 que se hab\u00eda contagiado, en el Hospital de las Fuerzas Armadas de Brasilia.<br \/>\nLa Secretar\u00eda de Comunicaciones del gobierno inform\u00f3 este mi\u00e9rcoles a la ma\u00f1ana que &#8220;el test realizado el 21 (julio) dio positivo&#8221; y el paciente, de 65 a\u00f1os, muestra una &#8220;buena evoluci\u00f3n&#8221;. Bolsonaro hab\u00eda dicho el martes a un grupo de simpatizantes, que lo visit\u00f3 en el Palacio de Alvorada, tener la esperanza de que este \u00faltimo an\u00e1lisis diera negativo para poder retomar su agenda de actividades y viajar el pr\u00f3ximo viernes al estado de Piau\u00ed, en el nordeste del pa\u00eds.<br \/>\nEsta semana tambi\u00e9n dieron positivo los estudios realizados por el flamante ministro de Educaci\u00f3n, Milton Ribeiro, y el titular de la cartera de Ciudadan\u00eda, Onyx Lorenzoni.<br \/>\nLorenzoni inform\u00f3 a trav\u00e9s de las redes sociales que comenz\u00f3 a tomar hidroxicloroquina y un antiparasitario, dos medicamentos que han sido recomendados en los \u00faltimos d\u00edas por Bolsonaro.<br \/>\nEl mandatario ha realizado varias apariciones en las redes sociales para destacar las virtudes de la hidroxicloroquina y comentar que tambi\u00e9n consume un antiparasitario de marca &#8220;Anita&#8221;.<br \/>\nSe trata de dos medicamentos que no son recomendadas por la Organizaci\u00f3n Mundial de la Salud (OMS) para el tratamiento contra el Covid-19.<br \/>\nEl ministro de Salud, general Eduardo Pazuello, recomend\u00f3 a los secretarios de Salud de los 27 estados del pa\u00eds que comiencen a fraccionar los lotes de hidroxicloroquina enviados por el gobierno federal.<br \/>\nFuentes que participaron en esa reuni\u00f3n en l\u00ednea con el ministro dejaron trascender a la prensa que est\u00e1n en desacuerdo con esa orientaci\u00f3n relativa a la hidroxicloroquina.<br \/>\nA pesar de los cuestionamientos de algunos gobiernos estaduales, Bolsonaro sigue adelante con su recomendaci\u00f3n de la hidroxicloroquina, luego de haber recibido una donaci\u00f3n de 2 millones de comprimidos enviada por el presidente estadounidense, Donald Trump.<br \/>\nPor otra parte el gobierno inici\u00f3 gestiones para la compra de la vacuna contra el Covid-19 que est\u00e1 en desarrollo en los laboratorios de la empresa norteamericana Moderna.<br \/>\nEl ministro Pazuello dijo: &#8220;con relaci\u00f3n a Moderna estamos negociando la posibilidad de tener prioridad en la compra de la vacuna, para distribuirla en el pa\u00eds vamos a seguir la misma log\u00edstica que empleamos en la vacuna de la gripe influencia&#8221;.<br \/>\nEl funcionario afirm\u00f3 que paralelamente se acord\u00f3 con el laboratorio brit\u00e1nico AstraZeneca la compra de la vacuna que est\u00e1 en fase de pruebas en la Universidad de Oxford y en la Universidad Federal del Estado de San Pablo (Unifesp).<br \/>\nEl diario Estado de San Pablo public\u00f3 este mi\u00e9rcoles que el gobierno brasile\u00f1o firm\u00f3 un protocolo de intenciones con AstraZeneca que contempla la compra de 30 millones de dosis si la vacuna atraviesa positivamente los ex\u00e1menes en curso.<br \/>\nPazuello estim\u00f3 que &#8220;ese contrato (con AstraZeneca) prev\u00e9 la transferencia de tecnolog\u00eda (&#8230;) tenemos la previsi\u00f3n de que podamos fabricar la vacuna entre diciembre y enero&#8221; pr\u00f3ximos.<br \/>\nLa eventual fabricaci\u00f3n se realizar\u00e1 en el Instituto Oswaldo Cruz que ya realiza estudios junto a la Universidad de Oxford y la Unifesp.<br \/>\nDesde el mes pasado comenzaron los tests con m\u00e9dicos y enfermeros brasile\u00f1os que se aplicaron la vacuna de Oxford en San Pablo.<\/p>\n","protected":false},"excerpt":{"rendered":"<p>Debe prolongar la cuarentena en Brasilia &nbsp; BRASILIA, 22 JUL \u2013 El presidente brasile\u00f1o, Jair Bolsonaro, dio positivo por tercera vez en el nuevo test&hellip;<\/p>\n","protected":false},"author":99,"featured_media":0,"comment_status":"open","ping_status":"open","sticky":false,"template":"","format":"standard","meta":{"footnotes":""},"categories":[23],"tags":[],"class_list":["post-492905","post","type-post","status-publish","format-standard","hentry","category-latinoamerica"],"_links":{"self":[{"href":"https:\/\/diarioelpopular.com\/index.php\/wp-json\/wp\/v2\/posts\/492905","targetHints":{"allow":["GET"]}}],"collection":[{"href":"https:\/\/diarioelpopular.com\/index.php\/wp-json\/wp\/v2\/posts"}],"about":[{"href":"https:\/\/diarioelpopular.com\/index.php\/wp-json\/wp\/v2\/types\/post"}],"author":[{"embeddable":true,"href":"https:\/\/diarioelpopular.com\/index.php\/wp-json\/wp\/v2\/users\/99"}],"replies":[{"embeddable":true,"href":"https:\/\/diarioelpopular.com\/index.php\/wp-json\/wp\/v2\/comments?post=492905"}],"version-history":[{"count":1,"href":"https:\/\/diarioelpopular.com\/index.php\/wp-json\/wp\/v2\/posts\/492905\/revisions"}],"predecessor-version":[{"id":492907,"href":"https:\/\/diarioelpopular.com\/index.php\/wp-json\/wp\/v2\/posts\/492905\/revisions\/492907"}],"wp:attachment":[{"href":"https:\/\/diarioelpopular.com\/index.php\/wp-json\/wp\/v2\/media?parent=492905"}],"wp:term":[{"taxonomy":"category","embeddable":true,"href":"https:\/\/diarioelpopular.com\/index.php\/wp-json\/wp\/v2\/categories?post=492905"},{"taxonomy":"post_tag","embeddable":true,"href":"https:\/\/diarioelpopular.com\/index.php\/wp-json\/wp\/v2\/tags?post=492905"}],"curies":[{"name":"wp","href":"https:\/\/api.w.org\/{rel}","templated":true}]}}