{"id":492910,"date":"2020-07-22T22:55:26","date_gmt":"2020-07-23T02:55:26","guid":{"rendered":"https:\/\/diarioelpopular.com\/?p=492910"},"modified":"2020-07-22T22:56:35","modified_gmt":"2020-07-23T02:56:35","slug":"recuperan-420-cuerpos-de-las-calles","status":"publish","type":"post","link":"https:\/\/diarioelpopular.com\/index.php\/2020\/07\/22\/recuperan-420-cuerpos-de-las-calles\/","title":{"rendered":"Recuperan 420 cuerpos de las calles"},"content":{"rendered":"<div id=\"attachment_492911\" style=\"width: 268px\" class=\"wp-caption alignnone\"><img loading=\"lazy\" decoding=\"async\" aria-describedby=\"caption-attachment-492911\" class=\"size-medium wp-image-492911\" src=\"https:\/\/diarioelpopular.com\/wp-content\/uploads\/2020\/07\/ee42541afd27224aa81e37e4e9deadff-258x300.jpg\" alt=\"\" width=\"258\" height=\"300\" \/><p id=\"caption-attachment-492911\" class=\"wp-caption-text\"><em>Recuperan 420 cuerpos de las calles de Bolivia (foto: EPA)<\/em><\/p><\/div>\n<p><em><strong>LA PAZ, 22 JUL<\/strong> <\/em>&#8211; Cerca de 420 cuerpos sin vida fueron levantados de las calles, autos y casas por el personal de las Fuerzas Especiales para la lucha contra el Crimen (FELCC) de Bolivia, resaltando que en al menos el 85% de los casos (357 cad\u00e1veres) son muertes confirmadas o sospechadas de Covid-19.<br \/>\nLos cuerpos de las v\u00edctimas fueron recuperadas en menos de una semana, entre el 15 y 20 de julio, en cinco departamentos (provincias) del pa\u00eds, inform\u00f3 hoy el portal del diario La Raz\u00f3n.<br \/>\nEl director nacional de esa unidad policial, el coronel Iv\u00e1n Rojas, explic\u00f3 que hay temor por la salud de los agentes que se ocupan de la recolecci\u00f3n de cad\u00e1veres.<br \/>\n&#8220;Debemos aclarar lo siguiente, que en los datos que tratamos son del 10 al 15% (de muertes) por otras causas, el resto son casos confirmados de Covid-19 y casos sospechosos que presentan s\u00edntomas de este virus&#8221;, dijo Rojas.<br \/>\nCochabamba es la regi\u00f3n con m\u00e1s casos de remoci\u00f3n de cuerpos extrahospitalarios con 191 cuerpos, seguido de La Paz, con 141.<br \/>\nEn Santa Cruz de la Sierra se registraron 68 de estos casos, en Potos\u00ed 11 y Chuquisaca 9.<br \/>\nEn tanto, el Instituto de Investigaciones Forenses (IDIF) del pa\u00eds inform\u00f3 que entre el 1 de abril y el 19 de julio se realizaron el examen m\u00e9dico legal extrahospitaliario a 3.016 cuerpos, incluidos casos sospechados y confirmados de Covid-19. Bolivia registra hasta ahora 2.274 muertos confirmados pro coronavirus y 62.357 contagio<\/p>\n<p>s.<img loading=\"lazy\" decoding=\"async\" class=\"alignnone size-medium wp-image-492914\" src=\"https:\/\/diarioelpopular.com\/wp-content\/uploads\/2020\/07\/1becd276f128a6a9fec3059be615acd4-300x200.jpg\" alt=\"\" width=\"300\" height=\"200\" \/><\/p>\n","protected":false},"excerpt":{"rendered":"<p>LA PAZ, 22 JUL &#8211; Cerca de 420 cuerpos sin vida fueron levantados de las calles, autos y casas por el personal de las Fuerzas&hellip;<\/p>\n","protected":false},"author":99,"featured_media":0,"comment_status":"open","ping_status":"open","sticky":false,"template":"","format":"standard","meta":{"footnotes":""},"categories":[23],"tags":[],"class_list":["post-492910","post","type-post","status-publish","format-standard","hentry","category-latinoamerica"],"_links":{"self":[{"href":"https:\/\/diarioelpopular.com\/index.php\/wp-json\/wp\/v2\/posts\/492910","targetHints":{"allow":["GET"]}}],"collection":[{"href":"https:\/\/diarioelpopular.com\/index.php\/wp-json\/wp\/v2\/posts"}],"about":[{"href":"https:\/\/diarioelpopular.com\/index.php\/wp-json\/wp\/v2\/types\/post"}],"author":[{"embeddable":true,"href":"https:\/\/diarioelpopular.com\/index.php\/wp-json\/wp\/v2\/users\/99"}],"replies":[{"embeddable":true,"href":"https:\/\/diarioelpopular.com\/index.php\/wp-json\/wp\/v2\/comments?post=492910"}],"version-history":[{"count":2,"href":"https:\/\/diarioelpopular.com\/index.php\/wp-json\/wp\/v2\/posts\/492910\/revisions"}],"predecessor-version":[{"id":492915,"href":"https:\/\/diarioelpopular.com\/index.php\/wp-json\/wp\/v2\/posts\/492910\/revisions\/492915"}],"wp:attachment":[{"href":"https:\/\/diarioelpopular.com\/index.php\/wp-json\/wp\/v2\/media?parent=492910"}],"wp:term":[{"taxonomy":"category","embeddable":true,"href":"https:\/\/diarioelpopular.com\/index.php\/wp-json\/wp\/v2\/categories?post=492910"},{"taxonomy":"post_tag","embeddable":true,"href":"https:\/\/diarioelpopular.com\/index.php\/wp-json\/wp\/v2\/tags?post=492910"}],"curies":[{"name":"wp","href":"https:\/\/api.w.org\/{rel}","templated":true}]}}