{"id":492924,"date":"2020-07-23T18:59:13","date_gmt":"2020-07-23T22:59:13","guid":{"rendered":"https:\/\/diarioelpopular.com\/?p=492924"},"modified":"2020-07-23T18:59:13","modified_gmt":"2020-07-23T22:59:13","slug":"bolivia-posterga-las-elecciones","status":"publish","type":"post","link":"https:\/\/diarioelpopular.com\/index.php\/2020\/07\/23\/bolivia-posterga-las-elecciones\/","title":{"rendered":"Bolivia posterga las elecciones"},"content":{"rendered":"<div id=\"attachment_492925\" style=\"width: 310px\" class=\"wp-caption alignnone\"><img loading=\"lazy\" decoding=\"async\" aria-describedby=\"caption-attachment-492925\" class=\"size-medium wp-image-492925\" src=\"https:\/\/diarioelpopular.com\/wp-content\/uploads\/2020\/07\/e58f6e9f744c7863a5f845693a017e81-300x202.jpg\" alt=\"\" width=\"300\" height=\"202\" \/><p id=\"caption-attachment-492925\" class=\"wp-caption-text\"><em>Una mujer aymara vende flores.<\/em><\/p><\/div>\n<h4><em><strong>Decisi\u00f3n por la pandemia. Segunda vuelta, 29 de noviembre<\/strong><\/em><\/h4>\n<p>&nbsp;<\/p>\n<p><em><strong>LA PAZ, 23 JUL &#8211;<\/strong><\/em> El presidente del Tribunal Supremo Electoral (TSE) de Bolivia, Salvador Romero, anunci\u00f3 hoy la postergaci\u00f3n de las lecciones generales para el domingo 18 de octubre, por la crisis sanitaria por la pandemia de Covir-19. Adem\u00e1s, adelant\u00f3 que una eventual segunda vuelta se desarrollar\u00e1 el domingo 29 de noviembre.<br \/>\nAsimismo, dijo que en este 2020 deben jurar las nuevas autoridades de los \u00f3rganos Legislativo y Ejecutivo.<br \/>\n&#8220;Fruto de consideraciones de orden legal, cient\u00edfico y de orden pol\u00edtico, en el ejercicio dentro de sus atribuciones (&#8230;), el Tribunal Supremo Electoral ha resuelto fijar la fecha de la de la jornada de votaci\u00f3n de la elecci\u00f3n general 2020, el domingo 18 de octubre de 2020, con una eventual segunda vuelta, el 29 de noviembre y una posesi\u00f3n de las nuevas autoridades en diciembre de este a\u00f1o&#8221;, indic\u00f3 Romero en rueda de prensa.<br \/>\n&#8220;Es recomendable organizar la elecci\u00f3n en la fase descendente de la pandemia para minimizar riesgos&#8221;, ampli\u00f3.<br \/>\nEste es el segundo aplazamiento que sufren los comicios, que primero estaban convocados para el 3 de mayo, por la situaci\u00f3n de emergencia sanitaria ante el Covid-19.<br \/>\nLas elecciones se pospusieron luego para el 6 de septiembre por la emergencia sanitaria.<br \/>\nBolivia acumula 2.328 fallecidos y 64.135 casos confirmados de la enfermedad entre sus once millones y medio de habitantes, lo que le sit\u00faa en uno de los m\u00e1s afectados del mundo comparado con su poblaci\u00f3n, de acuerdo a distintos estudios.<br \/>\nEn varias ciudades se han registrado muertes en las calles, ante el colapso del sistema hospitalario. Los comicios para elegir presidente, vicepresidente, diputados y senadores est\u00e1n pendientes en Bolivia desde que se anularon los de octubre del a\u00f1o pasado, luego de que Evo Morales fuera declarado vencedor para un cuarto mandato seguido, entre denuncias de fraude a su favor que est\u00e1n bajo investigaci\u00f3n judicial.<br \/>\nMorales -asilado hoy en Argentina- denuncia que fue forzado a dejar el poder por un golpe de Estado en medio de presiones de militares y polic\u00edas, entre otras, para privarlo de una nueva victoria electoral y derrocarlo.<\/p>\n","protected":false},"excerpt":{"rendered":"<p>Decisi\u00f3n por la pandemia. Segunda vuelta, 29 de noviembre &nbsp; LA PAZ, 23 JUL &#8211; El presidente del Tribunal Supremo Electoral (TSE) de Bolivia, Salvador&hellip;<\/p>\n","protected":false},"author":99,"featured_media":0,"comment_status":"open","ping_status":"open","sticky":false,"template":"","format":"standard","meta":{"footnotes":""},"categories":[23],"tags":[],"class_list":["post-492924","post","type-post","status-publish","format-standard","hentry","category-latinoamerica"],"_links":{"self":[{"href":"https:\/\/diarioelpopular.com\/index.php\/wp-json\/wp\/v2\/posts\/492924","targetHints":{"allow":["GET"]}}],"collection":[{"href":"https:\/\/diarioelpopular.com\/index.php\/wp-json\/wp\/v2\/posts"}],"about":[{"href":"https:\/\/diarioelpopular.com\/index.php\/wp-json\/wp\/v2\/types\/post"}],"author":[{"embeddable":true,"href":"https:\/\/diarioelpopular.com\/index.php\/wp-json\/wp\/v2\/users\/99"}],"replies":[{"embeddable":true,"href":"https:\/\/diarioelpopular.com\/index.php\/wp-json\/wp\/v2\/comments?post=492924"}],"version-history":[{"count":1,"href":"https:\/\/diarioelpopular.com\/index.php\/wp-json\/wp\/v2\/posts\/492924\/revisions"}],"predecessor-version":[{"id":492926,"href":"https:\/\/diarioelpopular.com\/index.php\/wp-json\/wp\/v2\/posts\/492924\/revisions\/492926"}],"wp:attachment":[{"href":"https:\/\/diarioelpopular.com\/index.php\/wp-json\/wp\/v2\/media?parent=492924"}],"wp:term":[{"taxonomy":"category","embeddable":true,"href":"https:\/\/diarioelpopular.com\/index.php\/wp-json\/wp\/v2\/categories?post=492924"},{"taxonomy":"post_tag","embeddable":true,"href":"https:\/\/diarioelpopular.com\/index.php\/wp-json\/wp\/v2\/tags?post=492924"}],"curies":[{"name":"wp","href":"https:\/\/api.w.org\/{rel}","templated":true}]}}