{"id":492937,"date":"2020-07-23T19:10:46","date_gmt":"2020-07-23T23:10:46","guid":{"rendered":"https:\/\/diarioelpopular.com\/?p=492937"},"modified":"2020-07-23T19:10:46","modified_gmt":"2020-07-23T23:10:46","slug":"contagiados-y-muertos-en-la-familia-de-obrador","status":"publish","type":"post","link":"https:\/\/diarioelpopular.com\/index.php\/2020\/07\/23\/contagiados-y-muertos-en-la-familia-de-obrador\/","title":{"rendered":"Contagiados y muertos en la familia de Obrador"},"content":{"rendered":"<div id=\"attachment_492938\" style=\"width: 310px\" class=\"wp-caption alignnone\"><img loading=\"lazy\" decoding=\"async\" aria-describedby=\"caption-attachment-492938\" class=\"size-medium wp-image-492938\" src=\"https:\/\/diarioelpopular.com\/wp-content\/uploads\/2020\/07\/877399ab79c93cede20b646b8d132125-300x200.jpg\" alt=\"\" width=\"300\" height=\"200\" \/><p id=\"caption-attachment-492938\" class=\"wp-caption-text\"><em>El presidente e M\u00e9xico, Andr\u00e9s L\u00f3pez Obrador.<\/em><\/p><\/div>\n<h4><em><strong>Prima del mandatario est\u00e1 en condici\u00f3n grave por la enfermedad<\/strong><\/em><\/h4>\n<p>&nbsp;<\/p>\n<p><em><strong>CIUDAD DE MEXICO, 23 JUL &#8211;<\/strong><\/em> El presidente de M\u00e9xico, Andr\u00e9s L\u00f3pez Obrador, admiti\u00f3 hoy que varios de sus familiares se contagiaron e inclusive algunos murieron por el Covid-19.<br \/>\nEntre las infectadas figura la prima del mandatario, Ursula Mojica, que se encuentra grave en un hospital del norte\u00f1o estado de Tamaulipas, seg\u00fan reportes period\u00edsticos.<br \/>\n&#8220;Tengo familiares enfermos por Covid-19, otros que tambi\u00e9n desgraciadamente han perdido la vida, como pasa lamentablemente en estos casos, trat\u00e1ndose de una pandemia&#8221; en la cual resultan afectados &#8220;amigos, conocidos y familiares&#8221;, dijo Obrador.<br \/>\nMojica Obrador, que es dirigente del gobernante Movimiento de Regeneraci\u00f3n Nacional (Morena, centro-izquierda) en la zona sur de Tamaulipas, perdi\u00f3 a su esposo Roberto Salazar y a su hijo Roberto a causa del Covid-19.<br \/>\nL\u00f3pez Obrador dese\u00f3 que quienes est\u00e1n enfermos por Covid-19 se recuperen y envi\u00f3 su p\u00e9same a las familias que han tenido que sufrir la p\u00e9rdida de alguna persona cercana.<br \/>\n&#8220;A todos les deseo su pronta recuperaci\u00f3n, a los que est\u00e1n hospitalizados que salgan, sobre todo a los que est\u00e1n en terapia intensiva&#8221;, se\u00f1al\u00f3.<br \/>\n&#8220;A los que ya se nos adelantaron les ofrecemos nuestro sincero p\u00e9same a los familiares. Es muy doloroso lo que ha estado sucediendo&#8221;, indic\u00f3.<br \/>\nEl mandatario se realiz\u00f3 la prueba de coronavirus durante su reciente viaje a Washington, pero result\u00f3 negativa.<\/p>\n","protected":false},"excerpt":{"rendered":"<p>Prima del mandatario est\u00e1 en condici\u00f3n grave por la enfermedad &nbsp; CIUDAD DE MEXICO, 23 JUL &#8211; El presidente de M\u00e9xico, Andr\u00e9s L\u00f3pez Obrador, admiti\u00f3&hellip;<\/p>\n","protected":false},"author":99,"featured_media":0,"comment_status":"open","ping_status":"open","sticky":false,"template":"","format":"standard","meta":{"footnotes":""},"categories":[23],"tags":[],"class_list":["post-492937","post","type-post","status-publish","format-standard","hentry","category-latinoamerica"],"_links":{"self":[{"href":"https:\/\/diarioelpopular.com\/index.php\/wp-json\/wp\/v2\/posts\/492937","targetHints":{"allow":["GET"]}}],"collection":[{"href":"https:\/\/diarioelpopular.com\/index.php\/wp-json\/wp\/v2\/posts"}],"about":[{"href":"https:\/\/diarioelpopular.com\/index.php\/wp-json\/wp\/v2\/types\/post"}],"author":[{"embeddable":true,"href":"https:\/\/diarioelpopular.com\/index.php\/wp-json\/wp\/v2\/users\/99"}],"replies":[{"embeddable":true,"href":"https:\/\/diarioelpopular.com\/index.php\/wp-json\/wp\/v2\/comments?post=492937"}],"version-history":[{"count":1,"href":"https:\/\/diarioelpopular.com\/index.php\/wp-json\/wp\/v2\/posts\/492937\/revisions"}],"predecessor-version":[{"id":492939,"href":"https:\/\/diarioelpopular.com\/index.php\/wp-json\/wp\/v2\/posts\/492937\/revisions\/492939"}],"wp:attachment":[{"href":"https:\/\/diarioelpopular.com\/index.php\/wp-json\/wp\/v2\/media?parent=492937"}],"wp:term":[{"taxonomy":"category","embeddable":true,"href":"https:\/\/diarioelpopular.com\/index.php\/wp-json\/wp\/v2\/categories?post=492937"},{"taxonomy":"post_tag","embeddable":true,"href":"https:\/\/diarioelpopular.com\/index.php\/wp-json\/wp\/v2\/tags?post=492937"}],"curies":[{"name":"wp","href":"https:\/\/api.w.org\/{rel}","templated":true}]}}