{"id":492961,"date":"2020-07-25T12:31:13","date_gmt":"2020-07-25T16:31:13","guid":{"rendered":"https:\/\/diarioelpopular.com\/?p=492961"},"modified":"2020-07-25T12:31:13","modified_gmt":"2020-07-25T16:31:13","slug":"terroristas-farc-debe-explicar-la-captacion-de-ninos","status":"publish","type":"post","link":"https:\/\/diarioelpopular.com\/index.php\/2020\/07\/25\/terroristas-farc-debe-explicar-la-captacion-de-ninos\/","title":{"rendered":"Terroristas FARC debe explicar la captaci\u00f3n de ni\u00f1os"},"content":{"rendered":"<div id=\"attachment_492962\" style=\"width: 310px\" class=\"wp-caption alignnone\"><img loading=\"lazy\" decoding=\"async\" aria-describedby=\"caption-attachment-492962\" class=\"size-medium wp-image-492962\" src=\"https:\/\/diarioelpopular.com\/wp-content\/uploads\/2020\/07\/75ba7c5e2f687798f852428bf7b6b290-300x192.jpg\" alt=\"\" width=\"300\" height=\"192\" \/><p id=\"caption-attachment-492962\" class=\"wp-caption-text\"><em>J\u00f3venes guerrilleros de las terroristas FARC. Imagen de archivo.<\/em><\/p><\/div>\n<h4><em><strong>14 ex mandos guerrilleros citados por Tribunal de paz<\/strong><\/em><\/h4>\n<p>&nbsp;<\/p>\n<p><em><strong>BOGOTA, 25 JUL &#8211;<\/strong><\/em> Se acab\u00f3 el plazo para que el antiguo grupo guerrillero terrorista FARC le cuenten al pa\u00eds sobre el reclutamiento forzado de menores, tras la determinaci\u00f3n de la Jurisdicci\u00f3n Especial para la Paz (JEP) que cit\u00f3 a versi\u00f3n libre a 14 ex jefes rebeldes.<br \/>\nDentro de los comparecientes a ese tribunal, en el que se juzgan los cr\u00edmenes cometidos durante el conflicto armado con ese grupo, est\u00e1 Rodrigo Londo\u00f1o &#8220;Timochenko&#8221;, presidente del partido Fuerza Alternativa Revolucionaria del Com\u00fan (FARC) y quien fuera el m\u00e1ximo comandante de los rebeldes.<br \/>\nLa JEP le dijo a los ex mandos de esa organizaci\u00f3n, cuyos abogados interpusieron recursos legales, que no hab\u00eda &#8220;ninguna violaci\u00f3n al debido proceso ni un prejuzgamiento&#8221; frente a las &#8220;hip\u00f3tesis de investigaci\u00f3n sobre la pol\u00edtica de reclutamiento&#8221; de menores que ejerc\u00edan las FARC.<br \/>\nAs\u00ed lo afirm\u00f3 la magistrada Catalina D\u00edaz, presidente de la sala de reconocimiento de la JEP, quien argument\u00f3 que esta es una &#8220;oportunidad para garantizar el derecho a la defensa de los compareciente&#8221; a fin de que respondan a ese tribunal sobre las &#8220;dimensiones y alcance&#8221; de esa pol\u00edtica al interior del desaparecido grupo guerrillero.<br \/>\nLa JEP ha abordado el conocimiento de las dimensiones de la guerra interna a trav\u00e9s de grandes tem\u00e1ticas, entre ellas el denominado &#8220;caso 07&#8221; que indaga sobre la vinculaci\u00f3n de ni\u00f1os y ni\u00f1as al conflicto por parte de las FARC y la fuerza p\u00fablica.<br \/>\nLo que busca establecer el tribunal frente a ese caso es la manera c\u00f3mo se vinculaba a los menores a la guerra, ya sea como combatientes o en actividades de riesgo.<br \/>\n&#8220;Adem\u00e1s del reclutamiento, se investigan otras formas de participaci\u00f3n de ni\u00f1as y ni\u00f1os en el conflicto: como cocineros, cargadores, mensajeros, informantes, acompa\u00f1antes del grupo y quienes fueron reclutados para prop\u00f3sitos sexuales&#8221;, precis\u00f3 la JEP.<br \/>\nA\u00f1adi\u00f3 que tambi\u00e9n se examinan actos violentos como &#8220;lesiones&#8221;, &#8220;tortura&#8221; y &#8220;homicidios&#8221; producto del &#8220;r\u00e9gimen de vida en las filas, o de las sanciones impuestas a los ni\u00f1os y las ni\u00f1as reclutados o utilizados fruto de la aplicaci\u00f3n del r\u00e9gimen disciplinario de la organizaci\u00f3n guerrillera o de actividades de la fuerza p\u00fablica&#8221;.<br \/>\nPero el &#8220;caso 07&#8221; no solo indaga por el papel de los menores en esa espiral de violencia, tambi\u00e9n busca precisar sobre otros delitos cometidos contra ellos, sus familias y comunidades como el desplazamiento, los homicidios, las amenazas, adem\u00e1s de la &#8220;violencia sexual&#8221; asociada al &#8220;reclutamiento&#8221;.<br \/>\n&#8220;El caso 07 abarca la investigaci\u00f3n de alrededor de 8.000 hechos de reclutamiento y utilizaci\u00f3n de ni\u00f1as y ni\u00f1os en el conflicto armado reportados a la JEP por la Fiscal\u00eda General de la Naci\u00f3n&#8221; y de otras instituciones del Estado y organizaciones de derechos humanos que aportaron informes.<br \/>\nLa magistrada D\u00edaz afirm\u00f3 que este llamado a los 14 ex jefes de las FARC es una &#8220;oportunidad&#8221; para que las &#8220;v\u00edctimas&#8221; se vinculen al caso y &#8220;ejerzan todos sus derechos&#8221; entre ellos: &#8220;participar directamente en esta versiones voluntarias, solicitar pruebas y aportar toda la informaci\u00f3n&#8221;, sugiri\u00f3.<\/p>\n","protected":false},"excerpt":{"rendered":"<p>14 ex mandos guerrilleros citados por Tribunal de paz &nbsp; BOGOTA, 25 JUL &#8211; Se acab\u00f3 el plazo para que el antiguo grupo guerrillero terrorista&hellip;<\/p>\n","protected":false},"author":99,"featured_media":0,"comment_status":"open","ping_status":"open","sticky":false,"template":"","format":"standard","meta":{"footnotes":""},"categories":[23],"tags":[],"class_list":["post-492961","post","type-post","status-publish","format-standard","hentry","category-latinoamerica"],"_links":{"self":[{"href":"https:\/\/diarioelpopular.com\/index.php\/wp-json\/wp\/v2\/posts\/492961","targetHints":{"allow":["GET"]}}],"collection":[{"href":"https:\/\/diarioelpopular.com\/index.php\/wp-json\/wp\/v2\/posts"}],"about":[{"href":"https:\/\/diarioelpopular.com\/index.php\/wp-json\/wp\/v2\/types\/post"}],"author":[{"embeddable":true,"href":"https:\/\/diarioelpopular.com\/index.php\/wp-json\/wp\/v2\/users\/99"}],"replies":[{"embeddable":true,"href":"https:\/\/diarioelpopular.com\/index.php\/wp-json\/wp\/v2\/comments?post=492961"}],"version-history":[{"count":1,"href":"https:\/\/diarioelpopular.com\/index.php\/wp-json\/wp\/v2\/posts\/492961\/revisions"}],"predecessor-version":[{"id":492963,"href":"https:\/\/diarioelpopular.com\/index.php\/wp-json\/wp\/v2\/posts\/492961\/revisions\/492963"}],"wp:attachment":[{"href":"https:\/\/diarioelpopular.com\/index.php\/wp-json\/wp\/v2\/media?parent=492961"}],"wp:term":[{"taxonomy":"category","embeddable":true,"href":"https:\/\/diarioelpopular.com\/index.php\/wp-json\/wp\/v2\/categories?post=492961"},{"taxonomy":"post_tag","embeddable":true,"href":"https:\/\/diarioelpopular.com\/index.php\/wp-json\/wp\/v2\/tags?post=492961"}],"curies":[{"name":"wp","href":"https:\/\/api.w.org\/{rel}","templated":true}]}}