{"id":492972,"date":"2020-07-25T12:37:43","date_gmt":"2020-07-25T16:37:43","guid":{"rendered":"https:\/\/diarioelpopular.com\/?p=492972"},"modified":"2020-07-25T12:37:43","modified_gmt":"2020-07-25T16:37:43","slug":"pinera-y-una-reforma-historica-en-prevision","status":"publish","type":"post","link":"https:\/\/diarioelpopular.com\/index.php\/2020\/07\/25\/pinera-y-una-reforma-historica-en-prevision\/","title":{"rendered":"Pi\u00f1era y una reforma hist\u00f3rica en previsi\u00f3n"},"content":{"rendered":"<div id=\"attachment_492973\" style=\"width: 310px\" class=\"wp-caption alignnone\"><img loading=\"lazy\" decoding=\"async\" aria-describedby=\"caption-attachment-492973\" class=\"size-medium wp-image-492973\" src=\"https:\/\/diarioelpopular.com\/wp-content\/uploads\/2020\/07\/177851e3c3351dff889d8bf9e6daff4e-300x212.jpg\" alt=\"\" width=\"300\" height=\"212\" \/><p id=\"caption-attachment-492973\" class=\"wp-caption-text\"><em>Sebasti\u00e1n Pi\u00f1era, presidente de Chile.<\/em><\/p><\/div>\n<h4><strong><em>En privado, sin ceremonia ni discurso, s\u00f3lo un comunicado<\/em><\/strong><\/h4>\n<p>&nbsp;<\/p>\n<p><em><strong>SANTIAGO DE CHILE, 25 JUL &#8211;<\/strong><\/em> El presidente Sebasti\u00e1n Pi\u00f1era promulg\u00f3 en privado, sin ceremonia ni discurso, la ley de reforma de la Constituci\u00f3n, que aprob\u00f3 el parlamento y que permite retirar el 10% de los fondos previsionales en Chile.<br \/>\nLa promulgaci\u00f3n fue informada en la noche del viernes, a trav\u00e9s de un comunicado de prensa entregado desde el palacio de La Moneda, sede del gobierno.<br \/>\n&#8220;La Secretar\u00eda General de la Presidencia continuar\u00e1 el procedimiento administrativo correspondiente y lo ingresar\u00e1 a la Contralor\u00eda General de la Rep\u00fablica, el d\u00eda lunes a primera hora, para su toma de raz\u00f3n&#8221;, inform\u00f3 la nota.<br \/>\nEl comunicado detalla que Pi\u00f1era promulg\u00f3 &#8220;la reforma constitucional que permite el retiro excepcional de los fondos acumulados de capitalizaci\u00f3n individual&#8221; junto a sus ministros de Hacienda, Secretar\u00eda General de la Presidencia y del Trabajo.<br \/>\nEl tr\u00e1mite pone fin a una semana en que el presidente Pi\u00f1era recibi\u00f3 tres derrotas en sucesivas votaciones en el parlamento. All\u00ed senadores y diputados de su propia coalici\u00f3n dieron la espalda a sus duras cr\u00edticas al proyecto impulsado desde la oposici\u00f3n.<br \/>\nEn el plano pol\u00edtico persisten las versiones sobre un eventual cambio en el gabinete de ministros con el prop\u00f3sito de recomponer las relaciones en el bloque Chile Vamos que respalda su gobierno.<\/p>\n","protected":false},"excerpt":{"rendered":"<p>En privado, sin ceremonia ni discurso, s\u00f3lo un comunicado &nbsp; SANTIAGO DE CHILE, 25 JUL &#8211; El presidente Sebasti\u00e1n Pi\u00f1era promulg\u00f3 en privado, sin ceremonia&hellip;<\/p>\n","protected":false},"author":99,"featured_media":0,"comment_status":"open","ping_status":"open","sticky":false,"template":"","format":"standard","meta":{"footnotes":""},"categories":[23],"tags":[],"class_list":["post-492972","post","type-post","status-publish","format-standard","hentry","category-latinoamerica"],"_links":{"self":[{"href":"https:\/\/diarioelpopular.com\/index.php\/wp-json\/wp\/v2\/posts\/492972","targetHints":{"allow":["GET"]}}],"collection":[{"href":"https:\/\/diarioelpopular.com\/index.php\/wp-json\/wp\/v2\/posts"}],"about":[{"href":"https:\/\/diarioelpopular.com\/index.php\/wp-json\/wp\/v2\/types\/post"}],"author":[{"embeddable":true,"href":"https:\/\/diarioelpopular.com\/index.php\/wp-json\/wp\/v2\/users\/99"}],"replies":[{"embeddable":true,"href":"https:\/\/diarioelpopular.com\/index.php\/wp-json\/wp\/v2\/comments?post=492972"}],"version-history":[{"count":1,"href":"https:\/\/diarioelpopular.com\/index.php\/wp-json\/wp\/v2\/posts\/492972\/revisions"}],"predecessor-version":[{"id":492974,"href":"https:\/\/diarioelpopular.com\/index.php\/wp-json\/wp\/v2\/posts\/492972\/revisions\/492974"}],"wp:attachment":[{"href":"https:\/\/diarioelpopular.com\/index.php\/wp-json\/wp\/v2\/media?parent=492972"}],"wp:term":[{"taxonomy":"category","embeddable":true,"href":"https:\/\/diarioelpopular.com\/index.php\/wp-json\/wp\/v2\/categories?post=492972"},{"taxonomy":"post_tag","embeddable":true,"href":"https:\/\/diarioelpopular.com\/index.php\/wp-json\/wp\/v2\/tags?post=492972"}],"curies":[{"name":"wp","href":"https:\/\/api.w.org\/{rel}","templated":true}]}}