{"id":492976,"date":"2020-07-25T16:04:39","date_gmt":"2020-07-25T20:04:39","guid":{"rendered":"https:\/\/diarioelpopular.com\/?p=492976"},"modified":"2020-07-25T16:04:39","modified_gmt":"2020-07-25T20:04:39","slug":"bolivia-muertes-en-las-calles-y-falta-oxigeno","status":"publish","type":"post","link":"https:\/\/diarioelpopular.com\/index.php\/2020\/07\/25\/bolivia-muertes-en-las-calles-y-falta-oxigeno\/","title":{"rendered":"Bolivia, muertes en las calles y falta ox\u00edgeno"},"content":{"rendered":"<div id=\"attachment_492977\" style=\"width: 310px\" class=\"wp-caption alignnone\"><img loading=\"lazy\" decoding=\"async\" aria-describedby=\"caption-attachment-492977\" class=\"size-medium wp-image-492977\" src=\"https:\/\/diarioelpopular.com\/wp-content\/uploads\/2020\/07\/7b20f8e296e990a54bb88e08229f0b8a-300x241.jpg\" alt=\"\" width=\"300\" height=\"241\" \/><p id=\"caption-attachment-492977\" class=\"wp-caption-text\"><em>Una mujer es asistida en una playa de estacionamiento de un hospital de La Paz.<\/em><\/p><\/div>\n<h4><em><strong>Situaci\u00f3n desesperante y el pico de la pandemia a\u00fan no lleg\u00f3<\/strong><\/em><\/h4>\n<p>&nbsp;<\/p>\n<p><em><strong>LA PAZ, 25 JUL &#8211;<\/strong><\/em> Un nuevo cuerpo sin vida fue hallado en la calle esta ma\u00f1ana en Cochabamba, Bolivia, donde el colapso de los hospitales, la falta de ox\u00edgeno y el aumento de los contagios han convertido al pa\u00eds en un infierno.<br \/>\nSeg\u00fan el director de la Polic\u00eda Nacional, el coronel Iv\u00e1n Rojas, las autoridades temen por la salud de los efectivos que acuden a recoger los cuerpos. En total, en una semana fueron recogidos por las calles 420 cuerpos en todo el pa\u00eds y se sospecha que en el 85% de los casos la causa de la muerte fue el Covid-19.<br \/>\nCochabamba es una de las zonas m\u00e1s afectadas junto a Santa Cruz y La Paz, aunque los n\u00fameros tienen cierta distorsi\u00f3n, pues el mayos n\u00famero de controles se realizan en esta \u00faltima ciudad.<br \/>\nEn Santa Cruz, lo peor no ha llegado, pues seg\u00fan los expertos su pico de contagios ocurrir\u00e1 en unas dos semanas. Los epidemi\u00f3logos consideran que la capacidad de respuesta de los laboratorios es fundamental a la hora de emitir los resultados.<br \/>\nCarlos Hurtado, responsable del equipo de primera respuesta Covid-19 del Servicio Departamental de Salud (Sedes) indic\u00f3 que Santa Cruz ya est\u00e1 entrando al pico, pero que el problema de los laboratorios, lentos en la entrega de resultados, &#8220;no ayuda&#8221;.<br \/>\n&#8220;Si hubi\u00e9ramos tenido laboratorios seguir\u00edamos reportando 500, 1.000, 1.500 casos, pero no los hay, eso ha impedido que hayan m\u00e1s casos confirmados&#8221;, explic\u00f3.<br \/>\nLos especialistas proyectan unos 40.000 casos en el peor momento y sostienen que ,en estos momentos, si existiese la respuesta normal de los laboratorios, Santa Cruz tendr\u00eda unos 35.000 positivos diarios.<br \/>\nPor ejemplo, seg\u00fan el diario El Deber, la falta de reactivos ha ocasionado que en los \u00faltimos tres d\u00edas no se reporten los datos de contagios nuevos, lo que crea una gran confusi\u00f3n. Eso contrasta con La Paz, que cuenta tambi\u00e9n con un laboratorio que depende del ministerio de Salud. Justamente La Paz ha presentado en los \u00faltimos tres d\u00edas m\u00e1s casos confirmados de coronavirus que Santa Cruz, dijo el peri\u00f3dico.<br \/>\nBolivia suma un promedio diario de 1.200 casos y el total acumulado es de 66.456 personas contagiadas. Los decesos totalizan casi 2.500.<br \/>\nPero el ox\u00edgenos es otro grave problema en el pa\u00eds. Los hospitales quintuplicaron su demanda de ox\u00edgeno y los generadores que estos nosocomios tienen para procesar este insumo fueron rebasados, revel\u00f3 Pagina Siete en su edici\u00f3n de hoy. Este hecho, junto con la elevada demanda de personas particulares, dej\u00f3 al mercado La Paz sin este art\u00edculo vital, requerido por personas que ya no pueden respirar a causa de Covid-19.<br \/>\n&#8220;Los hospitales tienen centrales de ox\u00edgeno (que elaboran este insumo), pero no se calcul\u00f3 el elevado incremento de su consumo que multiplic\u00f3 en cinco veces su capacidad ante el tipo de pacientes que est\u00e1n atendiendo. Por ello, comenzaron a comprar tubos&#8221;, dijo Ren\u00e9 Sahonero, del ministerio de Salud.<\/p>\n","protected":false},"excerpt":{"rendered":"<p>Situaci\u00f3n desesperante y el pico de la pandemia a\u00fan no lleg\u00f3 &nbsp; LA PAZ, 25 JUL &#8211; Un nuevo cuerpo sin vida fue hallado en&hellip;<\/p>\n","protected":false},"author":99,"featured_media":0,"comment_status":"open","ping_status":"open","sticky":false,"template":"","format":"standard","meta":{"footnotes":""},"categories":[23],"tags":[],"class_list":["post-492976","post","type-post","status-publish","format-standard","hentry","category-latinoamerica"],"_links":{"self":[{"href":"https:\/\/diarioelpopular.com\/index.php\/wp-json\/wp\/v2\/posts\/492976","targetHints":{"allow":["GET"]}}],"collection":[{"href":"https:\/\/diarioelpopular.com\/index.php\/wp-json\/wp\/v2\/posts"}],"about":[{"href":"https:\/\/diarioelpopular.com\/index.php\/wp-json\/wp\/v2\/types\/post"}],"author":[{"embeddable":true,"href":"https:\/\/diarioelpopular.com\/index.php\/wp-json\/wp\/v2\/users\/99"}],"replies":[{"embeddable":true,"href":"https:\/\/diarioelpopular.com\/index.php\/wp-json\/wp\/v2\/comments?post=492976"}],"version-history":[{"count":1,"href":"https:\/\/diarioelpopular.com\/index.php\/wp-json\/wp\/v2\/posts\/492976\/revisions"}],"predecessor-version":[{"id":492978,"href":"https:\/\/diarioelpopular.com\/index.php\/wp-json\/wp\/v2\/posts\/492976\/revisions\/492978"}],"wp:attachment":[{"href":"https:\/\/diarioelpopular.com\/index.php\/wp-json\/wp\/v2\/media?parent=492976"}],"wp:term":[{"taxonomy":"category","embeddable":true,"href":"https:\/\/diarioelpopular.com\/index.php\/wp-json\/wp\/v2\/categories?post=492976"},{"taxonomy":"post_tag","embeddable":true,"href":"https:\/\/diarioelpopular.com\/index.php\/wp-json\/wp\/v2\/tags?post=492976"}],"curies":[{"name":"wp","href":"https:\/\/api.w.org\/{rel}","templated":true}]}}