{"id":492988,"date":"2020-07-26T16:44:23","date_gmt":"2020-07-26T20:44:23","guid":{"rendered":"https:\/\/diarioelpopular.com\/?p=492988"},"modified":"2020-07-26T16:44:23","modified_gmt":"2020-07-26T20:44:23","slug":"el-virus-reaparece-en-cuba","status":"publish","type":"post","link":"https:\/\/diarioelpopular.com\/index.php\/2020\/07\/26\/el-virus-reaparece-en-cuba\/","title":{"rendered":"El virus reaparece en Cuba"},"content":{"rendered":"<div id=\"attachment_492989\" style=\"width: 310px\" class=\"wp-caption alignnone\"><img loading=\"lazy\" decoding=\"async\" aria-describedby=\"caption-attachment-492989\" class=\"size-medium wp-image-492989\" src=\"https:\/\/diarioelpopular.com\/wp-content\/uploads\/2020\/07\/9ac9f9bdd6e39453b2f8e34ec57965e2-300x197.jpg\" alt=\"\" width=\"300\" height=\"197\" \/><p id=\"caption-attachment-492989\" class=\"wp-caption-text\"><em>Llamativa pintada callejera en La Habana.<\/em><\/p><\/div>\n<h4><em><strong>Una de las cifras m\u00e1s altas de las \u00faltimas semanas<\/strong><\/em><\/h4>\n<p>&nbsp;<\/p>\n<p><em><strong>LA HABANA, 26 JUL<\/strong> <\/em>&#8211; Las autoridades sanitarias cubanas reportaron 17 casos positivos de Covid-19 en las \u00faltimas horas, unas de las cifras m\u00e1s altas en las \u00faltimas semanas.<br \/>\nDe acuerdo con la informaci\u00f3n publicada esta ma\u00f1ana, tres de los nuevos pacientes se contagiaron en el extranjero y la enfermedad fue detectada en centros de aislamientos para viajeros que arriban a la isla.<br \/>\nActualmente son 57 los pacientes con el nuevo coronavirus que est\u00e1n en hospitales de la isla. Cuba suma a este domingo 2.495 contagiados desde que comenz\u00f3 la pandemia mundial, con 87 muertes. No se reportan fallecimientos desde hace casi 15 d\u00edas.<br \/>\nLa Habana y Bauta, una localidad del municipio de Artemisa tuvieron en conjunto todos los nuevos enfermos. En ambas localidades se mantienen cuarentenas.<br \/>\nEn el caso de Bauta el brote surgi\u00f3 recientemente. &#8220;Estos son los resultados de violar regulaciones con respecto a la epidemia&#8221;, seg\u00fan el doctor Francisco Dur\u00e1n, director nacional de Epidemiolog\u00eda en su rueda de prensa por televisi\u00f3n que es diaria.<br \/>\nLlam\u00f3 a la poblaci\u00f3n a cumplir con las medidas de aislamiento y a informarse m\u00e1s de todas las medidas para impedir rebrotes y mantener as\u00ed el control sobre la epidemia. El funcionario llam\u00f3 al respeto de las medidas contra la Covid-19 especialmente en relaci\u00f3n con la acumulaci\u00f3n de personas por cualquier motivo.<br \/>\nDur\u00e1n dijo que son 2.349 las altas dadas por los hospitales de contagiados. Todos se han integrado a su vida habitual, dijo.<br \/>\nEn la isla se desarrolla desde hace tres semanas un proceso de restauraci\u00f3n post Covid-19 de tres etapas. La mayor\u00eda de las demarcaciones de la isla est\u00e1n en la tercera etapa, aunque La Habana, capital y la ciudad mayor del pa\u00eds con alrededor de dos millones de habitantes est\u00e1 a\u00fan en la primera fase.<\/p>\n","protected":false},"excerpt":{"rendered":"<p>Una de las cifras m\u00e1s altas de las \u00faltimas semanas &nbsp; LA HABANA, 26 JUL &#8211; Las autoridades sanitarias cubanas reportaron 17 casos positivos de&hellip;<\/p>\n","protected":false},"author":99,"featured_media":0,"comment_status":"open","ping_status":"open","sticky":false,"template":"","format":"standard","meta":{"footnotes":""},"categories":[23],"tags":[],"class_list":["post-492988","post","type-post","status-publish","format-standard","hentry","category-latinoamerica"],"_links":{"self":[{"href":"https:\/\/diarioelpopular.com\/index.php\/wp-json\/wp\/v2\/posts\/492988","targetHints":{"allow":["GET"]}}],"collection":[{"href":"https:\/\/diarioelpopular.com\/index.php\/wp-json\/wp\/v2\/posts"}],"about":[{"href":"https:\/\/diarioelpopular.com\/index.php\/wp-json\/wp\/v2\/types\/post"}],"author":[{"embeddable":true,"href":"https:\/\/diarioelpopular.com\/index.php\/wp-json\/wp\/v2\/users\/99"}],"replies":[{"embeddable":true,"href":"https:\/\/diarioelpopular.com\/index.php\/wp-json\/wp\/v2\/comments?post=492988"}],"version-history":[{"count":1,"href":"https:\/\/diarioelpopular.com\/index.php\/wp-json\/wp\/v2\/posts\/492988\/revisions"}],"predecessor-version":[{"id":492990,"href":"https:\/\/diarioelpopular.com\/index.php\/wp-json\/wp\/v2\/posts\/492988\/revisions\/492990"}],"wp:attachment":[{"href":"https:\/\/diarioelpopular.com\/index.php\/wp-json\/wp\/v2\/media?parent=492988"}],"wp:term":[{"taxonomy":"category","embeddable":true,"href":"https:\/\/diarioelpopular.com\/index.php\/wp-json\/wp\/v2\/categories?post=492988"},{"taxonomy":"post_tag","embeddable":true,"href":"https:\/\/diarioelpopular.com\/index.php\/wp-json\/wp\/v2\/tags?post=492988"}],"curies":[{"name":"wp","href":"https:\/\/api.w.org\/{rel}","templated":true}]}}