{"id":493000,"date":"2020-07-26T16:52:50","date_gmt":"2020-07-26T20:52:50","guid":{"rendered":"https:\/\/diarioelpopular.com\/?p=493000"},"modified":"2020-07-26T16:52:50","modified_gmt":"2020-07-26T20:52:50","slug":"lopez-obrador-siempre-sin-tapaboca","status":"publish","type":"post","link":"https:\/\/diarioelpopular.com\/index.php\/2020\/07\/26\/lopez-obrador-siempre-sin-tapaboca\/","title":{"rendered":"L\u00f3pez Obrador, siempre sin tapaboca"},"content":{"rendered":"<div id=\"attachment_493001\" style=\"width: 310px\" class=\"wp-caption alignnone\"><img loading=\"lazy\" decoding=\"async\" aria-describedby=\"caption-attachment-493001\" class=\"size-medium wp-image-493001\" src=\"https:\/\/diarioelpopular.com\/wp-content\/uploads\/2020\/07\/bceae810d76496ed113c9e3b61eba802-300x200.jpg\" alt=\"\" width=\"300\" height=\"200\" \/><p id=\"caption-attachment-493001\" class=\"wp-caption-text\"><em>Andr\u00e9s L\u00f3pez Obrador, el presidente de M\u00e9xico siempre sin barbijo.<\/em><\/p><\/div>\n<h4><em><strong>Lanzan convocatoria para juntar firmas que lo obliguen a usarlo<\/strong><\/em><\/h4>\n<p>&nbsp;<\/p>\n<p><em><strong>CIUDAD DE M\u00c9XICO, 26 JUL &#8211;<\/strong> <\/em>La renuencia del presidente de M\u00e9xico, Andr\u00e9s L\u00f3pez Obrador, a usar barbijo, que raya en la obstinaci\u00f3n, a decir de algunas voces, ha generado todo un debate nacional con posturas sobre todo en contra de quien suele ser el ejemplo a seguir para muchos. La oposici\u00f3n lo acusa de alentar el avance de la pandemia de Covid-19 al no poner el ejemplo para que la poblaci\u00f3n se proteja. Frente a esa reticencia, un grupo de legisladores del centrista y minoritario partido Movimiento Ciudadano (MV) lanz\u00f3 una convocatoria a trav\u00e9s del sitio en l\u00ednea &#8220;change.org&#8221; para juntar firmas y obligar al mandatario a cubrirse la boca cuando aparezca p\u00fablicamente.<br \/>\n&#8220;Es ya un consenso de la comunidad cient\u00edfica internacional que el uso de cubrebocas funciona como barrera limitante de contagio&#8221;, se\u00f1al\u00f3 la promotora de la iniciativa, la legisladora Mara Robles.<br \/>\nL\u00f3pez Obrador ha aparecido en muy raras ocasiones, una de ellas a bordo de un avi\u00f3n, usando esta protecci\u00f3n, pero se trata de casos excepcionales.<br \/>\nEsa actitud le ha valido ser comparado con su hom\u00f3logo de Estados Unidos Donald Trump, quien ya ha comenzado a usarlo, y con el brasile\u00f1o Jair Bolsonaro, que lideran dos de los pa\u00edses con mayores infecciones de coronavirus en Am\u00e9rica.<br \/>\nPor varios meses desde que se inici\u00f3 la pandemia en China en diciembre pasado, la Organizaci\u00f3n Mundial de la Salud (OMS) desaconsej\u00f3 a la gente ordinaria el uso de mascarillas para protegerse del virus, argumentando que era innecesario y s\u00f3lo la recomend\u00f3 al personal de salud y luego a personas enfermas.<br \/>\nSin embargo, el 5 de junio pasado cambi\u00f3 su postura y lo recomend\u00f3 que &#8220;en lugares cerrados con transmisi\u00f3n generalizada de coronavirus&#8221; donde no se pueda establecer un distanciamiento adecuado como el transporte p\u00fablico.<br \/>\nComo L\u00f3pez Obrador, el portavoz del equipo de respuesta gubernamental a la pandemia, Hugo L\u00f3pez-Gatell, quien tampoco lo usa, se\u00f1al\u00f3 que este admin\u00edculo era innecesario para las personas comunes.<br \/>\nSin embargo, gobernadores de al menos 15 estados, decidieron deso\u00edr sus recomendaciones y decretaron el uso del barbijo sobre todo en el transporte p\u00fablico, ante el crecimiento de los contagios, luego que M\u00e9xico trep\u00f3 desde hace varias semanas al segundo lugar en Am\u00e9rica Latina con mayor mortalidad de Covid-19.<br \/>\nLa jefa de gobierno de la capital, Claudia Sheinbaum, con quien seg\u00fan versiones L\u00f3pez-Gatell tuvo un fuerte enfrentamiento a pesar de que ambos forman parte del c\u00edrculo m\u00e1s cercano del presidente, tambi\u00e9n discrep\u00f3 con \u00e9ste \u00faltimo.<br \/>\n&#8220;Cada qui\u00e9n tiene que asumir su propia responsabilidad.<br \/>\nNosotros creemos que el cubrebocas es algo importante&#8221;, se\u00f1al\u00f3.<br \/>\nD\u00edas atr\u00e1s, el ministro de Hacienda Arturo Herrera sostuvo que el empleo de la mascarilla &#8220;ser\u00e1 clave para relanzar con \u00e9xito la econom\u00eda, ante la crisis de Covid-19&#8221;, pero luego fue desmentido por L\u00f3pez Obrador, quien afirm\u00f3 que si la reactivaci\u00f3n econ\u00f3mica dependiera de ello, &#8220;lo usar\u00eda de inmediato&#8221;.<br \/>\nEl pasado viernes, durante una visita al estado sure\u00f1o de Oaxaca, el jefe de Estado insisti\u00f3 en que &#8220;cient\u00edficamente no se ha demostrado que el uso de cubrebocas ayude a evitar contagios de coronavirus&#8221;.<br \/>\nM\u00e9xico alcanza, seg\u00fan el \u00faltimo informe oficial, 370.712 contagios de Covid-19, con lo que se ubica en sexto lugar mundial con casos confirmados en el mundo, despu\u00e9s de Estados Unidos, Brasil, India, Rusia y Sud\u00e1frica, y 41.908 muertes, sin que por ahora todav\u00eda se vea el fin pr\u00f3ximo de la pandemia. El Instituto para la Medici\u00f3n y Evaluaci\u00f3n de la Salud de la Universidad de Washington, se\u00f1al\u00f3 la semana anterior que un uso generalizado de cubrebocas entre los mexicanos reducir\u00eda en 50.000 las 103.000 muertes proyectadas para el 1 de noviembre pr\u00f3ximo &#8220;Hagamos sociedad y desacatemos&#8221; a L\u00f3pez Obrador, &#8220;con su terquedad&#8221; para salvar decenas de miles de vidas y &#8220;evitar otro encierro&#8221;, alentado su uso entre familiares, amigos, vecinos y compa\u00f1eros de trabajo&#8221;, se\u00f1al\u00f3 el analista Juan Pablo Becerra.<\/p>\n","protected":false},"excerpt":{"rendered":"<p>Lanzan convocatoria para juntar firmas que lo obliguen a usarlo &nbsp; CIUDAD DE M\u00c9XICO, 26 JUL &#8211; La renuencia del presidente de M\u00e9xico, Andr\u00e9s L\u00f3pez&hellip;<\/p>\n","protected":false},"author":99,"featured_media":0,"comment_status":"open","ping_status":"open","sticky":false,"template":"","format":"standard","meta":{"footnotes":""},"categories":[23],"tags":[],"class_list":["post-493000","post","type-post","status-publish","format-standard","hentry","category-latinoamerica"],"_links":{"self":[{"href":"https:\/\/diarioelpopular.com\/index.php\/wp-json\/wp\/v2\/posts\/493000","targetHints":{"allow":["GET"]}}],"collection":[{"href":"https:\/\/diarioelpopular.com\/index.php\/wp-json\/wp\/v2\/posts"}],"about":[{"href":"https:\/\/diarioelpopular.com\/index.php\/wp-json\/wp\/v2\/types\/post"}],"author":[{"embeddable":true,"href":"https:\/\/diarioelpopular.com\/index.php\/wp-json\/wp\/v2\/users\/99"}],"replies":[{"embeddable":true,"href":"https:\/\/diarioelpopular.com\/index.php\/wp-json\/wp\/v2\/comments?post=493000"}],"version-history":[{"count":1,"href":"https:\/\/diarioelpopular.com\/index.php\/wp-json\/wp\/v2\/posts\/493000\/revisions"}],"predecessor-version":[{"id":493002,"href":"https:\/\/diarioelpopular.com\/index.php\/wp-json\/wp\/v2\/posts\/493000\/revisions\/493002"}],"wp:attachment":[{"href":"https:\/\/diarioelpopular.com\/index.php\/wp-json\/wp\/v2\/media?parent=493000"}],"wp:term":[{"taxonomy":"category","embeddable":true,"href":"https:\/\/diarioelpopular.com\/index.php\/wp-json\/wp\/v2\/categories?post=493000"},{"taxonomy":"post_tag","embeddable":true,"href":"https:\/\/diarioelpopular.com\/index.php\/wp-json\/wp\/v2\/tags?post=493000"}],"curies":[{"name":"wp","href":"https:\/\/api.w.org\/{rel}","templated":true}]}}