{"id":493003,"date":"2020-07-26T16:54:53","date_gmt":"2020-07-26T20:54:53","guid":{"rendered":"https:\/\/diarioelpopular.com\/?p=493003"},"modified":"2020-07-26T16:54:53","modified_gmt":"2020-07-26T20:54:53","slug":"argentina-en-el-ojo-de-la-tormenta","status":"publish","type":"post","link":"https:\/\/diarioelpopular.com\/index.php\/2020\/07\/26\/argentina-en-el-ojo-de-la-tormenta\/","title":{"rendered":"Argentina en el ojo de la tormenta"},"content":{"rendered":"<div id=\"attachment_493004\" style=\"width: 310px\" class=\"wp-caption alignnone\"><img loading=\"lazy\" decoding=\"async\" aria-describedby=\"caption-attachment-493004\" class=\"size-medium wp-image-493004\" src=\"https:\/\/diarioelpopular.com\/wp-content\/uploads\/2020\/07\/364c4559a6a69cd22df4cfdaad0cdcac-2-300x200.jpg\" alt=\"\" width=\"300\" height=\"200\" \/><p id=\"caption-attachment-493004\" class=\"wp-caption-text\"><em>Una sala de Covid-19 en un hospital de la periferia de Buenos Aires, la zona m\u00e1s comprometida de argentina por la pandemia.<\/em><\/p><\/div>\n<h4><em><strong>Suma m\u00e1s de 1598 mil casos y los decesos se aproximan a tres mil<\/strong><\/em><\/h4>\n<p>&nbsp;<\/p>\n<p><em><strong>BUENOS AIRES, 26 JUL &#8211;<\/strong><\/em> Uno de los m\u00e1s reputados epidemi\u00f3logos de Argentina, Pedro Cahn, afirm\u00f3 hoy que el pa\u00eds est\u00e1 atravesando el peor momento de la pandemia de Covid-19 y advirti\u00f3 que lo peor que podr\u00eda pasar es un desborde de plazas en las unidades de terapia intensiva.<br \/>\n&#8220;Estamos atravesando el ojo de la tormenta, con un n\u00famero de contagios importante&#8221;, dijo Cahn en declaraciones a Radio 10.<br \/>\nPara el miembro del consejo de asesores de la presidencia, si la ocupaci\u00f3n de camas de terapia intensiva se aproxima al 80% estar\u00edamos &#8220;en riesgo&#8221;. &#8220;El sistema de salud no tiene que llegar al punto de tener que elegir entre quien se salva y quien no&#8221;, argument\u00f3 y dijo que para evitar ese colapso &#8220;no habr\u00eda que descartar que un paciente de una jurisdicci\u00f3n sea hospitalizado en otra jurisdicci\u00f3n&#8221;.<br \/>\n&#8220;Si fuera por m\u00ed, firmo esta noche una cuarentena para que se termine, todos estamos cansados&#8221;, pero recalc\u00f3 con \u00e9nfasis que &#8220;el distanciamiento sigue siendo el mecanismo m\u00e1s efectivo para frenar la circulaci\u00f3n del virus&#8221;.<br \/>\nPara Cahn la cifra de muertos por coronavirus en Argentina &#8220;es horrible&#8221;, sin embargo sostuvo que &#8220;podr\u00edan haber sido 30 o 40 mil&#8221;. &#8220;La cuarentena es v\u00edctima de su propio \u00e9xito, no fue m\u00e1s grave la situaci\u00f3n porque nos cuidamos. Tenemos una de las tasas m\u00e1s bajas, y sino la m\u00e1s baja, de letalidad de Am\u00e9rica Latina porque el sistema de salud se pudo preparar&#8221;, acot\u00f3.<br \/>\nArgentina comenz\u00f3 con una cuarentena estrict\u00edsima el 20 de marzo pasado y tuvo algunas flexibilizaciones graduales, pero regres\u00f3 a imponer encierros y limitaciones semanas atr\u00e1s en Buenos Aires y su periferia, donde se registra la mayor parte de los casos positivos y decesos.<br \/>\nEste domingo, el ministerio de Salud inform\u00f3 20 nuevas muertes por coronavirus en el pa\u00eds, con un total acumulado de 2.913 fallecimientos desde el inicio de la pandemia y una tasa de letalidad del 1,8% de los casos confirmados y una tasa de mortalidad del 63,8 por cada mill\u00f3n de habitantes.<br \/>\nEn tanto, el total de casos confirmados en Argentina es de 158.334 (49,3% mujeres y 50,7% hombres), con 81% de contagios por circulaci\u00f3n interna.<br \/>\nLa ocupaci\u00f3n de camas de terapia intensiva alcanza un promedio del 80% en el sector privado y faltan especialistas, dijo esta semana la presidenta de la Sociedad Argentina de Terapia Intensiva, Rosa Reina.<br \/>\nEn tanto, el ministerio de Salud de la Naci\u00f3n reporta que el nivel de ocupaci\u00f3n de esas plazas, sin importar la dolencia que explica la internaci\u00f3n, es de 55,6% a nivel nacional y 65% el AMBA (Buenos Aires y su periferia), donde est\u00e1 el 81% de casos de Covid-19.<br \/>\n&#8220;El desafio no es solo el AMBA, estamos viendo aumento de casos en todo el pa\u00eds, en lugares donde hab\u00eda brotes controlados estamos teniendo de vuelta brotes por conglomerados y en departamentos donde no se hab\u00edan visto casos los estamos viendo&#8221;, advirti\u00f3 Carla Vizzotti, secretaria de Acceso a la Salud.<\/p>\n","protected":false},"excerpt":{"rendered":"<p>Suma m\u00e1s de 1598 mil casos y los decesos se aproximan a tres mil &nbsp; BUENOS AIRES, 26 JUL &#8211; Uno de los m\u00e1s reputados&hellip;<\/p>\n","protected":false},"author":99,"featured_media":0,"comment_status":"open","ping_status":"open","sticky":false,"template":"","format":"standard","meta":{"footnotes":""},"categories":[23],"tags":[],"class_list":["post-493003","post","type-post","status-publish","format-standard","hentry","category-latinoamerica"],"_links":{"self":[{"href":"https:\/\/diarioelpopular.com\/index.php\/wp-json\/wp\/v2\/posts\/493003","targetHints":{"allow":["GET"]}}],"collection":[{"href":"https:\/\/diarioelpopular.com\/index.php\/wp-json\/wp\/v2\/posts"}],"about":[{"href":"https:\/\/diarioelpopular.com\/index.php\/wp-json\/wp\/v2\/types\/post"}],"author":[{"embeddable":true,"href":"https:\/\/diarioelpopular.com\/index.php\/wp-json\/wp\/v2\/users\/99"}],"replies":[{"embeddable":true,"href":"https:\/\/diarioelpopular.com\/index.php\/wp-json\/wp\/v2\/comments?post=493003"}],"version-history":[{"count":1,"href":"https:\/\/diarioelpopular.com\/index.php\/wp-json\/wp\/v2\/posts\/493003\/revisions"}],"predecessor-version":[{"id":493005,"href":"https:\/\/diarioelpopular.com\/index.php\/wp-json\/wp\/v2\/posts\/493003\/revisions\/493005"}],"wp:attachment":[{"href":"https:\/\/diarioelpopular.com\/index.php\/wp-json\/wp\/v2\/media?parent=493003"}],"wp:term":[{"taxonomy":"category","embeddable":true,"href":"https:\/\/diarioelpopular.com\/index.php\/wp-json\/wp\/v2\/categories?post=493003"},{"taxonomy":"post_tag","embeddable":true,"href":"https:\/\/diarioelpopular.com\/index.php\/wp-json\/wp\/v2\/tags?post=493003"}],"curies":[{"name":"wp","href":"https:\/\/api.w.org\/{rel}","templated":true}]}}