{"id":493024,"date":"2020-07-27T11:41:44","date_gmt":"2020-07-27T15:41:44","guid":{"rendered":"https:\/\/diarioelpopular.com\/?p=493024"},"modified":"2020-07-27T11:41:44","modified_gmt":"2020-07-27T15:41:44","slug":"una-accion-ante-la-reeleccion-indefinida","status":"publish","type":"post","link":"https:\/\/diarioelpopular.com\/index.php\/2020\/07\/27\/una-accion-ante-la-reeleccion-indefinida\/","title":{"rendered":"Una acci\u00f3n ante la reelecci\u00f3n indefinida"},"content":{"rendered":"<div id=\"attachment_493025\" style=\"width: 310px\" class=\"wp-caption alignnone\"><img loading=\"lazy\" decoding=\"async\" aria-describedby=\"caption-attachment-493025\" class=\"size-medium wp-image-493025\" src=\"https:\/\/diarioelpopular.com\/wp-content\/uploads\/2020\/07\/139bd419040fd3e55f9c568e61f6c91e-300x200.jpg\" alt=\"\" width=\"300\" height=\"200\" \/><p id=\"caption-attachment-493025\" class=\"wp-caption-text\"><em>El exmandatario boliviano Evo Morales, hoy asilado en Argentina.<\/em><\/p><\/div>\n<h4><em><strong>Presentaci\u00f3n in\u00e9dita ante la Corte Interamericana de DDHH<\/strong><\/em><\/h4>\n<p>&nbsp;<\/p>\n<p><em><strong>LA PAZ, 27 JUL &#8211;<\/strong><\/em> El gobierno interino de Bolivia, considerado como &#8220;de facto&#8221; por algunos pa\u00edses, pidi\u00f3 hoy a la Corte Interamericana de Derechos Humanos (CIDH) que se pronuncie formalmente sobre la reelecci\u00f3n indefinida.<br \/>\nLa Procuradur\u00eda General del Estado boliviano espera, adem\u00e1s, que el Tribunal Constitucional Plurinacional anule la sentencia constitucional, que benefici\u00f3 a Evo Morales y lo habilit\u00f3 para una nueva reelecci\u00f3n tiempo atr\u00e1s, revel\u00f3 el diario El Deber.<br \/>\nEl Procurador General del Estado, Jos\u00e9 Mar\u00eda Cabrera, en nombre del estado boliviano, present\u00f3 ante la CIDH una solicitud de Opini\u00f3n Consultiva sobre los l\u00edmites permitidos en el ejercicio de los derechos pol\u00edticos en democracia. &#8220;El objetivo es que ese organismo internacional se pronuncie sobre el derecho humano a la reelecci\u00f3n indefinida&#8221;, indicaron voceros del gobierno interino boliviano.<br \/>\nY precisaron que lo hizo a ra\u00edz de las diversas crisis pol\u00edticas y electorales generadas en Latinoam\u00e9rica por &#8220;gobiernos que promueven la reelecci\u00f3n sin l\u00edmites, algunos argumentando la necesidad de conseguir la eficacia en pol\u00edticas p\u00fablicas a largo plazo y otros reclam\u00e1ndola como un derecho humano&#8221;.<br \/>\nAsimismo, Bolivia respondi\u00f3 a una solicitud de la CIDH respecto a la Opini\u00f3n Consultiva presentada en 2019 por Colombia sobre &#8220;La figura de la reelecci\u00f3n presidencial indefinida en el contexto del Sistema Interamericano de Derechos Humanos&#8221;.<br \/>\nAmbos requerimientos fueron remitidos el \u00faltimo viernes al secretario ejecutivo de ese organismo internacional, Pablo Saavedra Alessandri, report\u00f3 hoy la prensa de La Paz.<br \/>\nEl procurador Cabrera confirm\u00f3 a la prensa el env\u00edo de los Escritos de Estado y record\u00f3 que estas acciones se suman al memorial que fue presentado el 8 de enero ante el Tribunal Constitucional Plurinacional (TCP) para solicitar la nulidad de la &#8220;oprobiosa sentencia constitucional 084\/2017 que dio lugar al desconocimiento del refer\u00e9ndum del 21 de febrero (de 2016) y al incumplimiento de nuestra normativa constitucional&#8221;.<br \/>\nEn esa consulta nacional, 2.682.517 bolivianos (51,3%) rechazaron una nueva reelecci\u00f3n del entonces presidente Evo Morales y de su vicepresidente Alvaro Garc\u00eda Linera, resalt\u00f3 la informaci\u00f3n oficial.<br \/>\n&#8220;Es de conocimiento de todo el pueblo boliviano que la grave crisis de la democracia boliviana tuvo su origen en el desconocimiento y desobediencia al mandato del pueblo boliviano expresado en el refer\u00e9ndum del 21 de febrero del a\u00f1o 2016, el cual establec\u00eda que se respete el mandato constitucional de la prohibici\u00f3n de la reelecci\u00f3n presidencial y vicepresidencial indefinida&#8221;, afirm\u00f3 el Procurador General del Estado.<br \/>\nPresionado por las Fuerzas Armadas y la oposici\u00f3n, el presidente Morales se vio obligado a renuncia a su cargo horas despu\u00e9s de convocar a nuevas elecciones tras el resultado de la auditor\u00eda de la OEA en los comicios del 20 de octubre, que arroj\u00f3 &#8220;serias irregularidades&#8221;. Ante esto, asumi\u00f3 el actual gobierno que encabeza la presidenta Jeanine A\u00f1ez. La pandemia de Covid-19 ha impedido de momento realizar elecciones generales, que fueron dos veces postergadas.<br \/>\nEn su consulta a la CIDH, Bolivia formula cuatro preguntas, inform\u00f3 el diario El Deber: 1- Puede considerarse a la reelecci\u00f3n indefinida como un derecho humano o una restricci\u00f3n a los derechos pol\u00edticos conforme a los art\u00edculos 23 y 32 de la Convenci\u00f3n Americana sobre Derechos Humanos? 2- El art\u00edculo 23 literal b) de la Convenci\u00f3n Americana sobre Derechos Humanos establece el derecho de &#8220;votar y ser elegidos en elecciones peri\u00f3dicas aut\u00e9nticas&#8221;. El hecho de que las elecciones deban ser peri\u00f3dicas aut\u00e9nticas constituye un l\u00edmite o prohibici\u00f3n a la reelecci\u00f3n indefinida de autoridades estatales? 3- A la luz de la Carta Democr\u00e1tica Interamericana, la democracia representativa como modelo de gobierno restringe la reelecci\u00f3n indefinida de autoridades en un Estado de Derecho? 4- Qu\u00e9 grado de jerarqu\u00eda tienen los resultados obtenidos a trav\u00e9s de consultas populares o refer\u00e9ndum sobre la modificaci\u00f3n del texto constitucional, con relaci\u00f3n a la previsi\u00f3n que proh\u00edbe la reelecci\u00f3n presidencial indefinida, frente a las decisiones adoptadas por los Tribunales Constitucionales y Judiciales que dan curso a la reelecci\u00f3n?.<\/p>\n","protected":false},"excerpt":{"rendered":"<p>Presentaci\u00f3n in\u00e9dita ante la Corte Interamericana de DDHH &nbsp; LA PAZ, 27 JUL &#8211; El gobierno interino de Bolivia, considerado como &#8220;de facto&#8221; por algunos&hellip;<\/p>\n","protected":false},"author":99,"featured_media":0,"comment_status":"open","ping_status":"open","sticky":false,"template":"","format":"standard","meta":{"footnotes":""},"categories":[23],"tags":[],"class_list":["post-493024","post","type-post","status-publish","format-standard","hentry","category-latinoamerica"],"_links":{"self":[{"href":"https:\/\/diarioelpopular.com\/index.php\/wp-json\/wp\/v2\/posts\/493024","targetHints":{"allow":["GET"]}}],"collection":[{"href":"https:\/\/diarioelpopular.com\/index.php\/wp-json\/wp\/v2\/posts"}],"about":[{"href":"https:\/\/diarioelpopular.com\/index.php\/wp-json\/wp\/v2\/types\/post"}],"author":[{"embeddable":true,"href":"https:\/\/diarioelpopular.com\/index.php\/wp-json\/wp\/v2\/users\/99"}],"replies":[{"embeddable":true,"href":"https:\/\/diarioelpopular.com\/index.php\/wp-json\/wp\/v2\/comments?post=493024"}],"version-history":[{"count":1,"href":"https:\/\/diarioelpopular.com\/index.php\/wp-json\/wp\/v2\/posts\/493024\/revisions"}],"predecessor-version":[{"id":493026,"href":"https:\/\/diarioelpopular.com\/index.php\/wp-json\/wp\/v2\/posts\/493024\/revisions\/493026"}],"wp:attachment":[{"href":"https:\/\/diarioelpopular.com\/index.php\/wp-json\/wp\/v2\/media?parent=493024"}],"wp:term":[{"taxonomy":"category","embeddable":true,"href":"https:\/\/diarioelpopular.com\/index.php\/wp-json\/wp\/v2\/categories?post=493024"},{"taxonomy":"post_tag","embeddable":true,"href":"https:\/\/diarioelpopular.com\/index.php\/wp-json\/wp\/v2\/tags?post=493024"}],"curies":[{"name":"wp","href":"https:\/\/api.w.org\/{rel}","templated":true}]}}