{"id":493041,"date":"2020-07-29T11:40:40","date_gmt":"2020-07-29T15:40:40","guid":{"rendered":"https:\/\/diarioelpopular.com\/?p=493041"},"modified":"2020-07-29T11:40:40","modified_gmt":"2020-07-29T15:40:40","slug":"brasil-al-borde-de-2-5-millones-de-infectados","status":"publish","type":"post","link":"https:\/\/diarioelpopular.com\/index.php\/2020\/07\/29\/brasil-al-borde-de-2-5-millones-de-infectados\/","title":{"rendered":"Brasil al borde de 2,5 millones de infectados"},"content":{"rendered":"<div id=\"attachment_493042\" style=\"width: 310px\" class=\"wp-caption alignnone\"><img loading=\"lazy\" decoding=\"async\" aria-describedby=\"caption-attachment-493042\" class=\"size-medium wp-image-493042\" src=\"https:\/\/diarioelpopular.com\/wp-content\/uploads\/2020\/07\/8fe2d1dc9dce82509ac9cdf90b5152ce-300x200.jpg\" alt=\"\" width=\"300\" height=\"200\" \/><p id=\"caption-attachment-493042\" class=\"wp-caption-text\"><em>Brasil al borde de 2,5 millones de infectados (foto: EPA)<\/em><\/p><\/div>\n<p><em><strong>BRASILIA, 29 JUL &#8211;<\/strong><\/em> Brasil se aproxima a los 2,5 millones de personas infectadas por el coronavirus, inform\u00f3 la Alcald\u00eda de San Pablo seg\u00fan la cual el 11 % de su poblaci\u00f3n estar\u00eda contaminada.<br \/>\nEl gigante latinoamericano lleg\u00f3 a los 2 millones 480 mil 888 contaminados, tras contabilizar 38 mil 513 pacientes en las \u00faltimas 24 horas, inform\u00f3 el Consejo de Secretar\u00edas de Salud, donde se nuclean los representantes de los gobiernos estaduales.<br \/>\nLa Alcald\u00eda de San Pablo present\u00f3 hoy un informe, con base en un trabajo de campo, en el que se estima que poco m\u00e1s del 11% de su poblaci\u00f3n est\u00e1 o estuvo infectada con el SARS-CoV-2.<br \/>\nPor otra parte hubo 852 v\u00edctimas entre lunes y martes llevando la cifra total a 88.470 fallecimientos por el Covid-19.<\/p>\n","protected":false},"excerpt":{"rendered":"<p>BRASILIA, 29 JUL &#8211; Brasil se aproxima a los 2,5 millones de personas infectadas por el coronavirus, inform\u00f3 la Alcald\u00eda de San Pablo seg\u00fan la&hellip;<\/p>\n","protected":false},"author":99,"featured_media":0,"comment_status":"open","ping_status":"open","sticky":false,"template":"","format":"standard","meta":{"footnotes":""},"categories":[23],"tags":[],"class_list":["post-493041","post","type-post","status-publish","format-standard","hentry","category-latinoamerica"],"_links":{"self":[{"href":"https:\/\/diarioelpopular.com\/index.php\/wp-json\/wp\/v2\/posts\/493041","targetHints":{"allow":["GET"]}}],"collection":[{"href":"https:\/\/diarioelpopular.com\/index.php\/wp-json\/wp\/v2\/posts"}],"about":[{"href":"https:\/\/diarioelpopular.com\/index.php\/wp-json\/wp\/v2\/types\/post"}],"author":[{"embeddable":true,"href":"https:\/\/diarioelpopular.com\/index.php\/wp-json\/wp\/v2\/users\/99"}],"replies":[{"embeddable":true,"href":"https:\/\/diarioelpopular.com\/index.php\/wp-json\/wp\/v2\/comments?post=493041"}],"version-history":[{"count":1,"href":"https:\/\/diarioelpopular.com\/index.php\/wp-json\/wp\/v2\/posts\/493041\/revisions"}],"predecessor-version":[{"id":493043,"href":"https:\/\/diarioelpopular.com\/index.php\/wp-json\/wp\/v2\/posts\/493041\/revisions\/493043"}],"wp:attachment":[{"href":"https:\/\/diarioelpopular.com\/index.php\/wp-json\/wp\/v2\/media?parent=493041"}],"wp:term":[{"taxonomy":"category","embeddable":true,"href":"https:\/\/diarioelpopular.com\/index.php\/wp-json\/wp\/v2\/categories?post=493041"},{"taxonomy":"post_tag","embeddable":true,"href":"https:\/\/diarioelpopular.com\/index.php\/wp-json\/wp\/v2\/tags?post=493041"}],"curies":[{"name":"wp","href":"https:\/\/api.w.org\/{rel}","templated":true}]}}