{"id":493044,"date":"2020-07-29T11:43:43","date_gmt":"2020-07-29T15:43:43","guid":{"rendered":"https:\/\/diarioelpopular.com\/?p=493044"},"modified":"2020-07-29T11:43:43","modified_gmt":"2020-07-29T15:43:43","slug":"crece-mortalidad-55-durante-pandemia","status":"publish","type":"post","link":"https:\/\/diarioelpopular.com\/index.php\/2020\/07\/29\/crece-mortalidad-55-durante-pandemia\/","title":{"rendered":"Crece mortalidad 55% durante pandemia"},"content":{"rendered":"<div id=\"attachment_493045\" style=\"width: 310px\" class=\"wp-caption alignnone\"><img loading=\"lazy\" decoding=\"async\" aria-describedby=\"caption-attachment-493045\" class=\"size-medium wp-image-493045\" src=\"https:\/\/diarioelpopular.com\/wp-content\/uploads\/2020\/07\/3ecaa6c1fb2a045290c3ad3e6915de0b-300x200.jpg\" alt=\"\" width=\"300\" height=\"200\" \/><p id=\"caption-attachment-493045\" class=\"wp-caption-text\"><em>La pandemia de Covid19 increment\u00f3 las estad\u00edsticas de mortalidad.<\/em><\/p><\/div>\n<h4><em><strong>Al menos 71.000 m\u00e1s fatalidades que en a\u00f1os previos<\/strong><\/em><\/h4>\n<p>&nbsp;<\/p>\n<p><em><strong>CIUDAD DE MEXICO, 29 JUL &#8211;<\/strong> <\/em>La mortalidad en M\u00e9xico creci\u00f3 en alrededor de 55%, con 71.000 defunciones m\u00e1s respecto de a\u00f1os previos, de acuerdo con un estudio preliminar del ministerio de Salud, que sin embargo s\u00f3lo abarca 20 de los 32 estados del pa\u00eds.<br \/>\nLas cifras pueden ayudar a establecer un par\u00e1metro de hasta qu\u00e9 grado las estad\u00edsticas oficiales sobre las fatalidades durante la pandemia de Covid-19 han sido subestimadas.<br \/>\nAunque las muertes excedentes de este a\u00f1o, correspondientes al per\u00edodo del 15 de marzo al 27 de junio, no tendr\u00edan que ser necesariamente atribuidas al coronavirus, de acuerdo con la autoridad sanitaria, de todos modos muestran que hay una anomal\u00eda en los datos oficiales.<br \/>\nEl informe se\u00f1ala que la proyecci\u00f3n de los especialistas gubernamentales es que ocurrieran en este lapso unos 13.000 muertos, con base en el promedio de los cuatro \u00faltimos a\u00f1os, pero se registraron 202.000.<br \/>\nEn cuanto al sexo, se contabilizan 66% m\u00e1s decesos de hombres y 41% de mujeres, pero en los guarismos oficiales por coronavirus, la relaci\u00f3n es de casi 2 a 1, correspondiendo el 65 por ciento a hombres y el 35% a mujeres.<br \/>\nLos c\u00e1lculos abarcar\u00edan dos tercios de la poblaci\u00f3n del pa\u00eds, debido a que el resto no cuenta con informaci\u00f3n actualizada desde antes de la pandemia.<br \/>\nPara el viceministro de Salud, Hugo L\u00f3pez-Gatell, el rostro visible de la estrategia gubernamental contra el Covid-19, las muertes adicionales podr\u00edan derivarse tanto de un subregistro de los n\u00fameros reales como de la falta de servicios m\u00e9dicos suficientes por estar enfocados en la pandemia.<br \/>\n&#8220;Puede ser que los mismos individuos no se acerquen&#8221; a los hospitales o que los servicios de salud est\u00e9n &#8220;menos accesibles o haya problemas de adherencia a medicamentos&#8221;, admiti\u00f3.<br \/>\nLa subestimaci\u00f3n de muertes por la peste en M\u00e9xico se debe tambi\u00e9n a que muchas personas han fallecido en casa y por lo tanto no pudieron hacerse un examen de diagn\u00f3stico PCR, pero tambi\u00e9n a que los enfermos llegaron a los hospitales en condiciones tan graves que no hubo tiempo de practic\u00e1rseles.<br \/>\nLa organizaci\u00f3n no gubernamental Mexicanos Contra la Corrupci\u00f3n y la Impunidad revel\u00f3 que la cifra de actas de defunci\u00f3n en la capital mexicana, principal epicentro de la epidemia, son tres veces m\u00e1s altas que las reportadas por el gobierno de la urbe entre el 18 de marzo y el 12 de mayo.<br \/>\nLa organizaci\u00f3n tuvo acceso a una base de datos de c\u00e9dulas en siete juzgados civiles de la capital.<br \/>\nEl pasado 8 de mayo, el diario The New York Times public\u00f3 un reportaje donde tambi\u00e9n hac\u00eda un an\u00e1lisis de las muertes contabilizadas en un per\u00edodo cercano desde que apareci\u00f3 el virus el 28 de febrero seg\u00fan el cual las muertes reales eran de 2.500, cuando el gobierno local s\u00f3lo confirmaba 700. Al comentar este reporte, L\u00f3pez-Gatell acept\u00f3 en un video que exist\u00eda un subregistro de personas que fallecen con s\u00edntomas de Covid-19, debido a que no se les aplic\u00f3 la prueba diagn\u00f3stica.<br \/>\nEl pasado 13 de mayo, la intendente de la capital Claudia Sheinbaum anunci\u00f3 la creaci\u00f3n de una comisi\u00f3n &#8220;cient\u00edfico-t\u00e9cnica para el an\u00e1lisis de la mortalidad por Covid-19&#8221;, encabezada por epidemi\u00f3logos que revisar\u00e1n los casos de defunciones sospechosas. &#8220;Hay m\u00e1s decesos de los que reporta a diario el gobierno de M\u00e9xico. Para saber si fue por el virus u otras razones, un comit\u00e9 cient\u00edfico es lo que debe establecerlo&#8221;, dijo la jefa de gobierno Claudia Sheinbaum. Sin embargo, hasta ahora no se ha divulgado ning\u00fan resultado de este an\u00e1lisis, pero se espera en las pr\u00f3ximas semanas.<br \/>\nEn todo el mundo, aun en pa\u00edses desarrollados, se ha denunciado un subregistro de muertes por coronavirus muchas veces dif\u00edcil de documentar.<br \/>\nOrganizaciones de periodistas aconsejan recurrir a &#8220;fuentes no oficiales de reemplazo&#8221; como los testimonios de sepultureros, empleados de crematorios y param\u00e9dicos.<br \/>\nLa Red Global de Periodismo de Investigaci\u00f3n recomienda tambi\u00e9n buscar &#8220;filtraciones de datos confidenciales por parte de gobiernos locales&#8221; y archivos de audio de la polic\u00eda o de las &#8220;hotlines&#8221; de los servicios de emergencia.<\/p>\n","protected":false},"excerpt":{"rendered":"<p>Al menos 71.000 m\u00e1s fatalidades que en a\u00f1os previos &nbsp; CIUDAD DE MEXICO, 29 JUL &#8211; La mortalidad en M\u00e9xico creci\u00f3 en alrededor de 55%,&hellip;<\/p>\n","protected":false},"author":99,"featured_media":0,"comment_status":"open","ping_status":"open","sticky":false,"template":"","format":"standard","meta":{"footnotes":""},"categories":[23],"tags":[],"class_list":["post-493044","post","type-post","status-publish","format-standard","hentry","category-latinoamerica"],"_links":{"self":[{"href":"https:\/\/diarioelpopular.com\/index.php\/wp-json\/wp\/v2\/posts\/493044","targetHints":{"allow":["GET"]}}],"collection":[{"href":"https:\/\/diarioelpopular.com\/index.php\/wp-json\/wp\/v2\/posts"}],"about":[{"href":"https:\/\/diarioelpopular.com\/index.php\/wp-json\/wp\/v2\/types\/post"}],"author":[{"embeddable":true,"href":"https:\/\/diarioelpopular.com\/index.php\/wp-json\/wp\/v2\/users\/99"}],"replies":[{"embeddable":true,"href":"https:\/\/diarioelpopular.com\/index.php\/wp-json\/wp\/v2\/comments?post=493044"}],"version-history":[{"count":1,"href":"https:\/\/diarioelpopular.com\/index.php\/wp-json\/wp\/v2\/posts\/493044\/revisions"}],"predecessor-version":[{"id":493046,"href":"https:\/\/diarioelpopular.com\/index.php\/wp-json\/wp\/v2\/posts\/493044\/revisions\/493046"}],"wp:attachment":[{"href":"https:\/\/diarioelpopular.com\/index.php\/wp-json\/wp\/v2\/media?parent=493044"}],"wp:term":[{"taxonomy":"category","embeddable":true,"href":"https:\/\/diarioelpopular.com\/index.php\/wp-json\/wp\/v2\/categories?post=493044"},{"taxonomy":"post_tag","embeddable":true,"href":"https:\/\/diarioelpopular.com\/index.php\/wp-json\/wp\/v2\/tags?post=493044"}],"curies":[{"name":"wp","href":"https:\/\/api.w.org\/{rel}","templated":true}]}}