{"id":493047,"date":"2020-07-29T11:46:41","date_gmt":"2020-07-29T15:46:41","guid":{"rendered":"https:\/\/diarioelpopular.com\/?p=493047"},"modified":"2020-07-29T11:46:41","modified_gmt":"2020-07-29T15:46:41","slug":"eeuu-son-unos-farsantes-fariseos","status":"publish","type":"post","link":"https:\/\/diarioelpopular.com\/index.php\/2020\/07\/29\/eeuu-son-unos-farsantes-fariseos\/","title":{"rendered":"EEUU &#8220;son unos farsantes, fariseos&#8221;"},"content":{"rendered":"<div id=\"attachment_493048\" style=\"width: 310px\" class=\"wp-caption alignnone\"><img loading=\"lazy\" decoding=\"async\" aria-describedby=\"caption-attachment-493048\" class=\"size-medium wp-image-493048\" src=\"https:\/\/diarioelpopular.com\/wp-content\/uploads\/2020\/07\/04a93d797e5b9af99f7c4a175e906656-300x200.jpg\" alt=\"\" width=\"300\" height=\"200\" \/><p id=\"caption-attachment-493048\" class=\"wp-caption-text\">Presidente de Venezuela, Nicol\u00e1s Maduro.<\/p><\/div>\n<h4><em><strong>&#8220;Someten a Venezuela, misma pol\u00edtica contra Cuba&#8221;, dijo<\/strong><\/em><\/h4>\n<p>&nbsp;<\/p>\n<p><em><strong>CARACAS, 29 JUL &#8211;<\/strong><\/em> El presidente de Venezuela, Nicol\u00e1s Maduro, tild\u00f3 de &#8220;fariseo&#8221; al gobierno de Donald Trump que dijo somete al pa\u00eds a la misma pol\u00edtica contra Cuba, y advirti\u00f3 que &#8220;la prosperidad&#8221; no llegar\u00e1 con la ayuda de Estados Unidos a esta naci\u00f3n sudamericana.<br \/>\n&#8220;El imperio de Estados Unidos somete a Venezuela a la misma pol\u00edtica contra Cuba, y dice que, si gobernaran los peleles, los vendepatria que los representan a ellos aqu\u00ed o en Cuba, ellos ayudar\u00edan y llegar\u00eda la prosperidad. Mentira, farsantes, fariseos&#8221;, asever\u00f3 en la videoconferencia que se realiz\u00f3 en ocasi\u00f3n del 30\u00b0 aniversario del Foro de San Pablo.<br \/>\nAsimismo, cuestion\u00f3 que &#8220;\u00bfen qu\u00e9 ayuda Estados Unidos a Brasil? \u00bfQu\u00e9 les ofrece la derecha a nuestros pa\u00edses? \u00bfQu\u00e9 ha hecho (Jair) Bolsonaro por Brasil? \u00bfMejor\u00f3 Brasil, lo uni\u00f3, c\u00f3mo es el manejo de la pandemia en Brasil, un \u00e9xito de Bolsonaro?&#8221; &#8220;Solo para citar la locura de Bolsonaro. No digo que nos alegramos, ya pas\u00f3 el coronavirus como ser humano. Me alegro, lo super\u00f3, pero tremenda desgracia para el pueblo de Brasil y su manejo de la pandemia&#8221;, dijo.<br \/>\nAdem\u00e1s, sostuvo que en Bolivia &#8220;el gobierno gringo&#8221; dio &#8220;un golpe de Estado&#8221;, y \u00bfayudaron al pueblo de Bolivia? \u00bfEst\u00e1 mejor hoy?&#8221;.<br \/>\n&#8220;Aqu\u00ed tenemos a nuestra hermana Colombia, un desastre en el manejo de la pandemia, en la salud p\u00fablica, en lo social. \u00bfAyuda el gobierno de Estados Unidos en algo para que la vida del pueblo colombiano sea mejor&#8217;, al rev\u00e9s, lo que hacen es darles \u00f3rdenes para que entreguen sus recursos. Ordenes humillantes para que se sometan a su pol\u00edtica exterior&#8221;, asegur\u00f3.<br \/>\nEl mandatario destac\u00f3 que &#8220;hemos tenido que enfrentar una pol\u00edtica supremacista del imperio contra nuestros pueblos, que estamos resistiendo y enfrentando&#8221;.<br \/>\n&#8220;Se creen superiores a nosotros, es la doctrina Monroe, creen que les pertenecemos y que debemos esclavizar a nuestros pa\u00edses y entregarles las riquezas a ellos&#8221;, fustig\u00f3.<br \/>\nIndic\u00f3 que &#8220;las protestas contra el supremacismo racista en Estados Unidos son impresionante&#8221;, y advirti\u00f3 que &#8220;m\u00e1s temprano que tarde una nueva ola de Gobiernos progresistas, de avanzada, con valent\u00eda y coraje&#8221; asumir\u00e1n &#8220;la agenda integracionista y unionista de Unasur y la Celac&#8221;.<br \/>\n&#8220;Por eso es tan importante el Foro de San Pablo. Nosotros somos el cambio, el futuro y debemos saber articular y romper con el sectarismo, el dogmatismo y la burocracia&#8221;, expres\u00f3.<br \/>\nAdem\u00e1s, propuso &#8220;ir hacia una nueva izquierda, renovada, reunir a todos los movimientos, y presentar en cada pa\u00eds una opci\u00f3n, un proyecto a corto, mediano y largo plazo, rescatando las banderas hist\u00f3ricas&#8221;.<br \/>\nPor otra parte, reiter\u00f3 su deseo de que vengan al pa\u00eds organismos electorales y partidos del mundo para que observen las parlamentarias del pr\u00f3ximo 6 de diciembre.<br \/>\nDestac\u00f3 que los diputados en Venezuela &#8220;no los elige Trump ni Bolsonaro&#8221;, y que &#8220;el \u00fanico que elige y quita es el pueblo con su voto&#8221;.<br \/>\n&#8220;Quiero que vengan organismos electorales, partidos, puertas abiertas al mundo para las elecciones del 6 de diciembre.<br \/>\nTendremos la victoria n\u00famero 23 en esas elecciones&#8221;, afirm\u00f3.<br \/>\nEn otro orden, record\u00f3 al fallecido presidente Hugo Ch\u00e1vez, l\u00edder de la revoluci\u00f3n bolivariana, quien hoy estar\u00eda cumpliendo 66 a\u00f1os, y las protestas en Latinoam\u00e9rica. &#8220;Es muy especial recordar a Hugo Ch\u00e1vez, y es bonito que se celebren los 30 a\u00f1os del foro de San Pablo con este d\u00eda. La \u00faltima reuni\u00f3n del foro que tuvimos aqu\u00ed, nos quisieron echar la culpa de las protestas populares en Chile, Per\u00fa, Colombia. As\u00ed habr\u00e1 sido de bueno que nos culpan del despertar de los pueblos&#8221;, coment\u00f3.<\/p>\n","protected":false},"excerpt":{"rendered":"<p>&#8220;Someten a Venezuela, misma pol\u00edtica contra Cuba&#8221;, dijo &nbsp; CARACAS, 29 JUL &#8211; El presidente de Venezuela, Nicol\u00e1s Maduro, tild\u00f3 de &#8220;fariseo&#8221; al gobierno de&hellip;<\/p>\n","protected":false},"author":99,"featured_media":0,"comment_status":"open","ping_status":"open","sticky":false,"template":"","format":"standard","meta":{"footnotes":""},"categories":[23],"tags":[],"class_list":["post-493047","post","type-post","status-publish","format-standard","hentry","category-latinoamerica"],"_links":{"self":[{"href":"https:\/\/diarioelpopular.com\/index.php\/wp-json\/wp\/v2\/posts\/493047","targetHints":{"allow":["GET"]}}],"collection":[{"href":"https:\/\/diarioelpopular.com\/index.php\/wp-json\/wp\/v2\/posts"}],"about":[{"href":"https:\/\/diarioelpopular.com\/index.php\/wp-json\/wp\/v2\/types\/post"}],"author":[{"embeddable":true,"href":"https:\/\/diarioelpopular.com\/index.php\/wp-json\/wp\/v2\/users\/99"}],"replies":[{"embeddable":true,"href":"https:\/\/diarioelpopular.com\/index.php\/wp-json\/wp\/v2\/comments?post=493047"}],"version-history":[{"count":1,"href":"https:\/\/diarioelpopular.com\/index.php\/wp-json\/wp\/v2\/posts\/493047\/revisions"}],"predecessor-version":[{"id":493049,"href":"https:\/\/diarioelpopular.com\/index.php\/wp-json\/wp\/v2\/posts\/493047\/revisions\/493049"}],"wp:attachment":[{"href":"https:\/\/diarioelpopular.com\/index.php\/wp-json\/wp\/v2\/media?parent=493047"}],"wp:term":[{"taxonomy":"category","embeddable":true,"href":"https:\/\/diarioelpopular.com\/index.php\/wp-json\/wp\/v2\/categories?post=493047"},{"taxonomy":"post_tag","embeddable":true,"href":"https:\/\/diarioelpopular.com\/index.php\/wp-json\/wp\/v2\/tags?post=493047"}],"curies":[{"name":"wp","href":"https:\/\/api.w.org\/{rel}","templated":true}]}}