{"id":493050,"date":"2020-07-29T11:48:14","date_gmt":"2020-07-29T15:48:14","guid":{"rendered":"https:\/\/diarioelpopular.com\/?p=493050"},"modified":"2020-07-29T11:48:14","modified_gmt":"2020-07-29T15:48:14","slug":"colombia-extiende-un-mes-mas-la-cuarentena","status":"publish","type":"post","link":"https:\/\/diarioelpopular.com\/index.php\/2020\/07\/29\/colombia-extiende-un-mes-mas-la-cuarentena\/","title":{"rendered":"Colombia extiende un mes mas la cuarentena"},"content":{"rendered":"<div id=\"attachment_493051\" style=\"width: 310px\" class=\"wp-caption alignnone\"><img loading=\"lazy\" decoding=\"async\" aria-describedby=\"caption-attachment-493051\" class=\"size-medium wp-image-493051\" src=\"https:\/\/diarioelpopular.com\/wp-content\/uploads\/2020\/07\/806ef762db11c3e9e61703ac3900e0b5-300x197.jpg\" alt=\"\" width=\"300\" height=\"197\" \/><p id=\"caption-attachment-493051\" class=\"wp-caption-text\"><em>Colombia extiende un mes mas la cuarentena (foto: EPA)<\/em><\/p><\/div>\n<p><em><strong>BOGOTA, 29 JUL &#8211;<\/strong><\/em> El gobierno colombiano ampli\u00f3 por un mes mas la cuarentena en todo el pa\u00eds y bajo las condiciones actuales que habilitan a varios sectores econ\u00f3micos a mantener sus actividades.<br \/>\n&#8220;Con los expertos hemos tomado la siguiente decisi\u00f3n: el aislamiento preventivo obligatorio, como criterio general, se va a extender hasta el 30 de agosto&#8221;, se\u00f1al\u00f3 el presidente, Iv\u00e1n Duque.<br \/>\nEl mandatario dijo que en los municipios con &#8220;baja afectaci\u00f3n&#8221; de la enfermedad se mantendr\u00e1 el &#8220;proceso gradual de liberaci\u00f3n de sectores&#8221; econ\u00f3micos que no est\u00e9n relacionados con aglomeraciones, en particular los relacionados con actividades de entretenimiento.<br \/>\nEn los municipios con mediano y alto contagio se mantendr\u00e1n los &#8220;cercos epidemiol\u00f3gicos&#8221;, la cuarentenas sectorizadas y las medidas para reducir el contagio, advirti\u00f3 Duque.<br \/>\nEl jefe de Estado urgi\u00f3 a sus conciudadanos para que en las pr\u00f3ximas cuatro semanas de cuarentena &#8220;todos entendamos que tenemos que hacer un gran esfuerzo por protegernos&#8221;.<\/p>\n","protected":false},"excerpt":{"rendered":"<p>BOGOTA, 29 JUL &#8211; El gobierno colombiano ampli\u00f3 por un mes mas la cuarentena en todo el pa\u00eds y bajo las condiciones actuales que habilitan&hellip;<\/p>\n","protected":false},"author":99,"featured_media":0,"comment_status":"open","ping_status":"open","sticky":false,"template":"","format":"standard","meta":{"footnotes":""},"categories":[23],"tags":[],"class_list":["post-493050","post","type-post","status-publish","format-standard","hentry","category-latinoamerica"],"_links":{"self":[{"href":"https:\/\/diarioelpopular.com\/index.php\/wp-json\/wp\/v2\/posts\/493050","targetHints":{"allow":["GET"]}}],"collection":[{"href":"https:\/\/diarioelpopular.com\/index.php\/wp-json\/wp\/v2\/posts"}],"about":[{"href":"https:\/\/diarioelpopular.com\/index.php\/wp-json\/wp\/v2\/types\/post"}],"author":[{"embeddable":true,"href":"https:\/\/diarioelpopular.com\/index.php\/wp-json\/wp\/v2\/users\/99"}],"replies":[{"embeddable":true,"href":"https:\/\/diarioelpopular.com\/index.php\/wp-json\/wp\/v2\/comments?post=493050"}],"version-history":[{"count":1,"href":"https:\/\/diarioelpopular.com\/index.php\/wp-json\/wp\/v2\/posts\/493050\/revisions"}],"predecessor-version":[{"id":493052,"href":"https:\/\/diarioelpopular.com\/index.php\/wp-json\/wp\/v2\/posts\/493050\/revisions\/493052"}],"wp:attachment":[{"href":"https:\/\/diarioelpopular.com\/index.php\/wp-json\/wp\/v2\/media?parent=493050"}],"wp:term":[{"taxonomy":"category","embeddable":true,"href":"https:\/\/diarioelpopular.com\/index.php\/wp-json\/wp\/v2\/categories?post=493050"},{"taxonomy":"post_tag","embeddable":true,"href":"https:\/\/diarioelpopular.com\/index.php\/wp-json\/wp\/v2\/tags?post=493050"}],"curies":[{"name":"wp","href":"https:\/\/api.w.org\/{rel}","templated":true}]}}